{"id":2839,"date":"2011-04-10T01:23:31","date_gmt":"2011-04-10T01:23:31","guid":{"rendered":"http:\/\/preprod.meltem-int.com\/marie\/blog\/?p=2839"},"modified":"2011-04-10T01:23:31","modified_gmt":"2011-04-10T01:23:31","slug":"alors-jesus-pleura","status":"publish","type":"post","link":"https:\/\/www.associationdemarie.org\/blog\/alors-jesus-pleura\/","title":{"rendered":"\u00ab Alors J\u00e9sus pleura \u00bb"},"content":{"rendered":"<p><a href=\"https:\/\/www.associationdemarie.org\/blog\/wp-content\/uploads\/2011\/04\/Christ-et-Lazare.jpg\"><img loading=\"lazy\" decoding=\"async\" class=\"alignleft size-medium wp-image-2840\" title=\"Christ et Lazare\" src=\"https:\/\/www.associationdemarie.org\/blog\/wp-content\/uploads\/2011\/04\/Christ-et-Lazare-240x300.jpg\" alt=\"\" width=\"168\" height=\"210\" srcset=\"https:\/\/www.associationdemarie.org\/blog\/wp-content\/uploads\/2011\/04\/Christ-et-Lazare-240x300.jpg 240w, https:\/\/www.associationdemarie.org\/blog\/wp-content\/uploads\/2011\/04\/Christ-et-Lazare.jpg 336w\" sizes=\"auto, (max-width: 168px) 100vw, 168px\" \/><\/a>\u00ab Quand J\u00e9sus vit Marie pleurer, et que les juifs venus avec elle pleuraient, il fut boulevers\u00e9 d&rsquo;une \u00e9motion profonde&#8230; \u00bb Marie pleure, les juifs pleurent, m\u00eame le Christ pleure. Crois-tu qu&rsquo;ils ressentent tous la m\u00eame peine ? Marie, la s\u0153ur du mort, pleure parce qu&rsquo;elle n&rsquo;a pas pu retenir son fr\u00e8re, ni d\u00e9tourner la mort. Elle a beau \u00eatre convaincue de la r\u00e9surrection, la perte de son meilleur soutien, la pens\u00e9e d&rsquo;une cruelle absence, la tristesse d&rsquo;une longue s\u00e9paration, font jaillir des larmes qu&rsquo;elle ne peut pas retenir&#8230; L&rsquo;image implacable de la mort ne peut pas ne pas nous toucher et bouleverser, quelle que soit notre foi. Les juifs aussi pleuraient, au souvenir de leur condition mortelle, parce qu&rsquo;ils d\u00e9sesp\u00e9raient de l&rsquo;\u00e9ternit\u00e9&#8230; Un mortel ne peut pas ne pas pleurer devant la mort.<\/p>\n<p>Laquelle d&rsquo;entre ces tristesses \u00e9treint le Christ ? Aucune ? Alors pourquoi pleure-t-il ? Il avait dit : \u00ab Lazare est mort, et je me r\u00e9jouis \u00bb&#8230; Mais voici qu&rsquo;il r\u00e9pand les larmes des mortels, au moment m\u00eame o\u00f9 il r\u00e9pand une nouvelle fois l&rsquo;Esprit de vie ! Fr\u00e8res, tel est l&rsquo;homme : sous l&rsquo;effet de la joie, comme sous celui de la peine, jaillissent les larmes&#8230; Le Christ n&rsquo;a pas pleur\u00e9 dans la d\u00e9solation de la mort, mais au souvenir de l&rsquo;all\u00e9gresse, lui qui par sa parole, une parole, doit r\u00e9veiller tous les morts \u00e0 la vie \u00e9ternelle (Jn 5,48)&#8230; Comment penser que le Christ ait pleur\u00e9 par faiblesse humaine, quand le P\u00e8re c\u00e9leste pleure son fils prodigue non pas lorsqu&rsquo;il part, mais \u00e0 l&rsquo;heure de le retrouver ? (Lc 15,20)&#8230; Il a permis que Lazare meure, parce qu&rsquo;il a voulu ressusciter le mort pour manifester sa gloire ; il a permis que son ami descende au s\u00e9jour des morts afin que Dieu apparaisse, en ramenant l&rsquo;homme des enfers.<\/p>\n<p>Saint Pierre Chrysologue (v. 406-450), \u00e9v\u00eaque de Ravenne, docteur de l&rsquo;\u00c9glise<br \/>\n<em>Sermon 64 ; PL 52, 379 (trad. coll. Icthus, t. 12, p. 279 rev.)<\/em><\/p>\n<p><em><\/p>\n<figure id=\"attachment_2843\" aria-describedby=\"caption-attachment-2843\" style=\"width: 210px\" class=\"wp-caption aligncenter\"><a href=\"http:\/\/www.maria-valtorta.org\/Personnages\/Lazare.htm#Top\"><img loading=\"lazy\" decoding=\"async\" class=\"size-full wp-image-2843\" title=\"lazare-ressuscite\" src=\"https:\/\/www.associationdemarie.org\/blog\/wp-content\/uploads\/2011\/04\/lazare-ressuscite.jpg\" alt=\"\" width=\"210\" height=\"140\" \/><\/a><figcaption id=\"caption-attachment-2843\" class=\"wp-caption-text\">Cliquez sur l&#39;image pour acc\u00e9der \u00e0 la correspondance chez Maria Valtorta<\/figcaption><\/figure>\n<p><\/em><\/p>\n<p><span style=\"color: #ffffff;\">.<\/span><\/p>\n<p><span style=\"color: #ffffff;\">.<\/span><\/p>\n","protected":false},"excerpt":{"rendered":"<p>\u00ab Quand J\u00e9sus vit Marie pleurer, et que les juifs venus avec elle pleuraient, il fut boulevers\u00e9 d&rsquo;une \u00e9motion profonde&#8230; \u00bb Marie pleure, les juifs pleurent, m\u00eame le Christ pleure. Crois-tu qu&rsquo;ils ressentent tous la m\u00eame peine ? Marie, la s\u0153ur du mort, pleure parce qu&rsquo;elle n&rsquo;a pas pu retenir son fr\u00e8re, ni d\u00e9tourner la [&hellip;]<\/p>\n","protected":false},"author":2,"featured_media":0,"comment_status":"closed","ping_status":"closed","sticky":false,"template":"","format":"standard","meta":{"footnotes":""},"categories":[3,4,9,13,28],"tags":[184,220,299,389,634,636,695,812,892,1072,1137,1184],"class_list":["post-2839","post","type-post","status-publish","format-standard","hentry","category-liturgique","category-iconographie","category-careme-2011","category-ecritures","category-saints-et-saintes","tag-careme","tag-christ","tag-dimanche","tag-evangile","tag-maria-valtorta","tag-marie","tag-mort","tag-pleurs","tag-resurrection","tag-st-pierre-chrysologue","tag-textes","tag-vie"],"_links":{"self":[{"href":"https:\/\/www.associationdemarie.org\/blog\/wp-json\/wp\/v2\/posts\/2839","targetHints":{"allow":["GET"]}}],"collection":[{"href":"https:\/\/www.associationdemarie.org\/blog\/wp-json\/wp\/v2\/posts"}],"about":[{"href":"https:\/\/www.associationdemarie.org\/blog\/wp-json\/wp\/v2\/types\/post"}],"author":[{"embeddable":true,"href":"https:\/\/www.associationdemarie.org\/blog\/wp-json\/wp\/v2\/users\/2"}],"replies":[{"embeddable":true,"href":"https:\/\/www.associationdemarie.org\/blog\/wp-json\/wp\/v2\/comments?post=2839"}],"version-history":[{"count":0,"href":"https:\/\/www.associationdemarie.org\/blog\/wp-json\/wp\/v2\/posts\/2839\/revisions"}],"wp:attachment":[{"href":"https:\/\/www.associationdemarie.org\/blog\/wp-json\/wp\/v2\/media?parent=2839"}],"wp:term":[{"taxonomy":"category","embeddable":true,"href":"https:\/\/www.associationdemarie.org\/blog\/wp-json\/wp\/v2\/categories?post=2839"},{"taxonomy":"post_tag","embeddable":true,"href":"https:\/\/www.associationdemarie.org\/blog\/wp-json\/wp\/v2\/tags?post=2839"}],"curies":[{"name":"wp","href":"https:\/\/api.w.org\/{rel}","templated":true}]}}