{"id":280,"date":"2009-06-07T09:18:58","date_gmt":"2009-06-07T09:18:58","guid":{"rendered":"http:\/\/preprod.meltem-int.com\/marie\/blog\/?p=280"},"modified":"2009-06-07T09:18:58","modified_gmt":"2009-06-07T09:18:58","slug":"fete-des-meres","status":"publish","type":"post","link":"https:\/\/www.associationdemarie.org\/blog\/fete-des-meres\/","title":{"rendered":"F\u00eate des m\u00e8res"},"content":{"rendered":"<p class=\"Sansinterligne\">\u00ab\u00a0Comme une m\u00e8re, je ne vous laisserai pas seuls et \u00e9gar\u00e9s, sauf si vous refusez mon secours et mes mains tendues. Tous les enfants sont appel\u00e9s et j\u2019offre ma place de m\u00e8re pour vous guider et vous amener \u00e0 mon Fils. Mon amour est celui d\u2019une m\u00e8re de tendresse et d\u2019amour et mes larmes coulent quand votre d\u00e9sarroi vous am\u00e8ne \u00e0 la tentation du Malin.\u00a0\u00bb<\/p>\n<p class=\"Sansinterligne\">Marie M\u00e8re des hommes &#8211; mai 2005<\/p>\n<p class=\"Sansinterligne\">\u00ab\u00a0Merci \u00e0 vous, m\u00e8res de cette terre, qui comprenez et agissez, vous \u00eates encore peu devant la cavalcade actuelle de l\u2019ignorance.\u00a0\u00bb<\/p>\n<p class=\"Sansinterligne\">Marie M\u00e8re des hommes &#8211; novembre 2005<\/p>\n<p class=\"Sansinterligne\">\u00ab\u00a0Mes enfants, soyez attentifs aux m\u00e8res, car beaucoup d\u2019entre elles sont d\u00e9chir\u00e9es dans leur c\u0153ur par la perte d\u2019un enfant ou de plusieurs. Soyez protecteurs des m\u00e8res, accompagnez-les et pr\u00e9servez-les car elles sont l\u2019avenir des hommes, actrices en premier lieu dans la souffrance et l\u2019immense joie de procr\u00e9er.\u00a0\u00bb<\/p>\n<p class=\"Sansinterligne\">Marie M\u00e8re des hommes &#8211; mai 2008<\/p>\n","protected":false},"excerpt":{"rendered":"<p>\u00ab\u00a0Comme une m\u00e8re, je ne vous laisserai pas seuls et \u00e9gar\u00e9s, sauf si vous refusez mon secours et mes mains tendues. Tous les enfants sont appel\u00e9s et j\u2019offre ma place de m\u00e8re pour vous guider et vous amener \u00e0 mon Fils. Mon amour est celui d\u2019une m\u00e8re de tendresse et d\u2019amour et mes larmes coulent [&hellip;]<\/p>\n","protected":false},"author":2,"featured_media":0,"comment_status":"closed","ping_status":"closed","sticky":false,"template":"","format":"standard","meta":{"footnotes":""},"categories":[2,19],"tags":[126,351,407,624,663],"class_list":["post-280","post","type-post","status-publish","format-standard","hentry","category-actualites","category-messages","tag-avenir","tag-enfant","tag-fete","tag-maman","tag-mere"],"_links":{"self":[{"href":"https:\/\/www.associationdemarie.org\/blog\/wp-json\/wp\/v2\/posts\/280","targetHints":{"allow":["GET"]}}],"collection":[{"href":"https:\/\/www.associationdemarie.org\/blog\/wp-json\/wp\/v2\/posts"}],"about":[{"href":"https:\/\/www.associationdemarie.org\/blog\/wp-json\/wp\/v2\/types\/post"}],"author":[{"embeddable":true,"href":"https:\/\/www.associationdemarie.org\/blog\/wp-json\/wp\/v2\/users\/2"}],"replies":[{"embeddable":true,"href":"https:\/\/www.associationdemarie.org\/blog\/wp-json\/wp\/v2\/comments?post=280"}],"version-history":[{"count":0,"href":"https:\/\/www.associationdemarie.org\/blog\/wp-json\/wp\/v2\/posts\/280\/revisions"}],"wp:attachment":[{"href":"https:\/\/www.associationdemarie.org\/blog\/wp-json\/wp\/v2\/media?parent=280"}],"wp:term":[{"taxonomy":"category","embeddable":true,"href":"https:\/\/www.associationdemarie.org\/blog\/wp-json\/wp\/v2\/categories?post=280"},{"taxonomy":"post_tag","embeddable":true,"href":"https:\/\/www.associationdemarie.org\/blog\/wp-json\/wp\/v2\/tags?post=280"}],"curies":[{"name":"wp","href":"https:\/\/api.w.org\/{rel}","templated":true}]}}