{"id":2735,"date":"2011-03-25T01:34:49","date_gmt":"2011-03-25T01:34:49","guid":{"rendered":"http:\/\/preprod.meltem-int.com\/marie\/blog\/?p=2735"},"modified":"2011-03-25T01:34:49","modified_gmt":"2011-03-25T01:34:49","slug":"fete-de-lannonciation","status":"publish","type":"post","link":"https:\/\/www.associationdemarie.org\/blog\/fete-de-lannonciation\/","title":{"rendered":"F\u00eate de l&rsquo;Annonciation"},"content":{"rendered":"<p><a href=\"https:\/\/www.associationdemarie.org\/blog\/wp-content\/uploads\/2011\/03\/f\u00eate-de-lAnnonciation.jpeg\"><img loading=\"lazy\" decoding=\"async\" class=\"alignright size-medium wp-image-2736\" title=\"f\u00eate de l'Annonciation\" src=\"https:\/\/www.associationdemarie.org\/blog\/wp-content\/uploads\/2011\/03\/f\u00eate-de-lAnnonciation-240x300.jpg\" alt=\"\" width=\"240\" height=\"300\" \/><\/a>SENS DE LA FETE<\/p>\n<p>L\u2019Annonciation, c\u00e9l\u00e9br\u00e9e le 25 mars (9 mois avant No\u00ebl) par la tradition chr\u00e9tienne, est un des myst\u00e8res centraux du culte chr\u00e9tien. C\u2019est en effet le moment o\u00f9 le divin s\u2019incarne en homme. L\u2019archange Gabriel annonce \u00e0 Marie son nouveau statut de m\u00e8re du Fils de Dieu, et lui explique qu\u2019elle portera un enfant en son sein tout en restant vierge. C\u2019est l\u2019origine de la croyance en une conception virginale qu\u2019il ne faut pas confondre avec le dogme de l\u2019Immacul\u00e9e conception qui est propre au catholicisme moderne (pour les orthodoxes et les protestants le seul \u00eatre humain con\u00e7u hors du p\u00e9ch\u00e9 originel est J\u00e9sus-Christ) Autrement dit, comme l\u2019ont expliqu\u00e9 les th\u00e9ologiens, une femme juive vivant sous la loi de Mo\u00efse accepte d\u2019introduire dans le monde celui qui mourra pour les p\u00e9ch\u00e9s des hommes, c\u2019est-\u00e0-dire que la loi, tout en restant valide, cesse d\u2019\u00eatre le principe th\u00e9ologique essentiel, et laisse la place au salut. Pour cette raison, l\u2019Annonciation est le moment o\u00f9 est lav\u00e9 le p\u00e9ch\u00e9 originel d\u2019Adam et \u00c8ve. L\u2019Annonciation est un message de joie et de lib\u00e9ration. Mais cette lib\u00e9ration est potentielle, elle ne s\u2019accomplit effectivement que par la Croix et la R\u00e9surrection.<\/p>\n<p><span style=\"color: #ffffff;\">.<\/span><\/p>\n","protected":false},"excerpt":{"rendered":"<p>SENS DE LA FETE L\u2019Annonciation, c\u00e9l\u00e9br\u00e9e le 25 mars (9 mois avant No\u00ebl) par la tradition chr\u00e9tienne, est un des myst\u00e8res centraux du culte chr\u00e9tien. C\u2019est en effet le moment o\u00f9 le divin s\u2019incarne en homme. L\u2019archange Gabriel annonce \u00e0 Marie son nouveau statut de m\u00e8re du Fils de Dieu, et lui explique qu\u2019elle portera [&hellip;]<\/p>\n","protected":false},"author":2,"featured_media":0,"comment_status":"closed","ping_status":"closed","sticky":false,"template":"","format":"standard","meta":{"footnotes":""},"categories":[3,13,28],"tags":[41,78,93,274,535,636],"class_list":["post-2735","post","type-post","status-publish","format-standard","hentry","category-liturgique","category-ecritures","category-saints-et-saintes","tag-adam-et-eve","tag-annonciation","tag-archange-gabriel","tag-croix","tag-jesus","tag-marie"],"_links":{"self":[{"href":"https:\/\/www.associationdemarie.org\/blog\/wp-json\/wp\/v2\/posts\/2735","targetHints":{"allow":["GET"]}}],"collection":[{"href":"https:\/\/www.associationdemarie.org\/blog\/wp-json\/wp\/v2\/posts"}],"about":[{"href":"https:\/\/www.associationdemarie.org\/blog\/wp-json\/wp\/v2\/types\/post"}],"author":[{"embeddable":true,"href":"https:\/\/www.associationdemarie.org\/blog\/wp-json\/wp\/v2\/users\/2"}],"replies":[{"embeddable":true,"href":"https:\/\/www.associationdemarie.org\/blog\/wp-json\/wp\/v2\/comments?post=2735"}],"version-history":[{"count":0,"href":"https:\/\/www.associationdemarie.org\/blog\/wp-json\/wp\/v2\/posts\/2735\/revisions"}],"wp:attachment":[{"href":"https:\/\/www.associationdemarie.org\/blog\/wp-json\/wp\/v2\/media?parent=2735"}],"wp:term":[{"taxonomy":"category","embeddable":true,"href":"https:\/\/www.associationdemarie.org\/blog\/wp-json\/wp\/v2\/categories?post=2735"},{"taxonomy":"post_tag","embeddable":true,"href":"https:\/\/www.associationdemarie.org\/blog\/wp-json\/wp\/v2\/tags?post=2735"}],"curies":[{"name":"wp","href":"https:\/\/api.w.org\/{rel}","templated":true}]}}