{"id":2731,"date":"2011-03-05T07:12:20","date_gmt":"2011-03-05T07:12:20","guid":{"rendered":"http:\/\/preprod.meltem-int.com\/marie\/blog\/?p=2731"},"modified":"2011-03-05T07:12:20","modified_gmt":"2011-03-05T07:12:20","slug":"marchands-de-reves","status":"publish","type":"post","link":"https:\/\/www.associationdemarie.org\/blog\/marchands-de-reves\/","title":{"rendered":"Marchands de r\u00eaves"},"content":{"rendered":"<p><a href=\"https:\/\/www.associationdemarie.org\/blog\/wp-content\/uploads\/2011\/03\/man\u00e8ge.jpg\"><img loading=\"lazy\" decoding=\"async\" class=\"aligncenter size-medium wp-image-2732\" title=\"man\u00e8ge\" src=\"https:\/\/www.associationdemarie.org\/blog\/wp-content\/uploads\/2011\/03\/man\u00e8ge-300x225.jpg\" alt=\"\" width=\"300\" height=\"225\" srcset=\"https:\/\/www.associationdemarie.org\/blog\/wp-content\/uploads\/2011\/03\/man\u00e8ge-300x225.jpg 300w, https:\/\/www.associationdemarie.org\/blog\/wp-content\/uploads\/2011\/03\/man\u00e8ge.jpg 400w\" sizes=\"auto, (max-width: 300px) 100vw, 300px\" \/><\/a><\/p>\n<p>Dieu le P\u00e8re conna\u00eet et juge comme il se doit, mais un avertissement tr\u00e8s sp\u00e9cifique est donn\u00e9 aux marchands de r\u00eaves et d\u2019espoirs, aux vendeurs de visions, qu\u2019ils seront jug\u00e9s de leurs m\u00e9faits et subiront les \u00e9preuves du pardon.<\/p>\n<p>Marie M\u00e8re des hommes &#8211; d\u00e9cembre 1992<\/p>\n<p><span style=\"color: #ffffff;\">.<\/span><\/p>\n","protected":false},"excerpt":{"rendered":"<p>Dieu le P\u00e8re conna\u00eet et juge comme il se doit, mais un avertissement tr\u00e8s sp\u00e9cifique est donn\u00e9 aux marchands de r\u00eaves et d\u2019espoirs, aux vendeurs de visions, qu\u2019ils seront jug\u00e9s de leurs m\u00e9faits et subiront les \u00e9preuves du pardon. Marie M\u00e8re des hommes &#8211; d\u00e9cembre 1992 .<\/p>\n","protected":false},"author":2,"featured_media":0,"comment_status":"closed","ping_status":"closed","sticky":false,"template":"","format":"standard","meta":{"footnotes":""},"categories":[12,19],"tags":[297,630,640,767],"class_list":["post-2731","post","type-post","status-publish","format-standard","hentry","category-crise","category-messages","tag-dieu-le-pere","tag-marchands-du-temple","tag-marie-mere-des-hommes","tag-pardon"],"_links":{"self":[{"href":"https:\/\/www.associationdemarie.org\/blog\/wp-json\/wp\/v2\/posts\/2731","targetHints":{"allow":["GET"]}}],"collection":[{"href":"https:\/\/www.associationdemarie.org\/blog\/wp-json\/wp\/v2\/posts"}],"about":[{"href":"https:\/\/www.associationdemarie.org\/blog\/wp-json\/wp\/v2\/types\/post"}],"author":[{"embeddable":true,"href":"https:\/\/www.associationdemarie.org\/blog\/wp-json\/wp\/v2\/users\/2"}],"replies":[{"embeddable":true,"href":"https:\/\/www.associationdemarie.org\/blog\/wp-json\/wp\/v2\/comments?post=2731"}],"version-history":[{"count":0,"href":"https:\/\/www.associationdemarie.org\/blog\/wp-json\/wp\/v2\/posts\/2731\/revisions"}],"wp:attachment":[{"href":"https:\/\/www.associationdemarie.org\/blog\/wp-json\/wp\/v2\/media?parent=2731"}],"wp:term":[{"taxonomy":"category","embeddable":true,"href":"https:\/\/www.associationdemarie.org\/blog\/wp-json\/wp\/v2\/categories?post=2731"},{"taxonomy":"post_tag","embeddable":true,"href":"https:\/\/www.associationdemarie.org\/blog\/wp-json\/wp\/v2\/tags?post=2731"}],"curies":[{"name":"wp","href":"https:\/\/api.w.org\/{rel}","templated":true}]}}