{"id":27126,"date":"2026-09-01T01:26:00","date_gmt":"2026-09-01T00:26:00","guid":{"rendered":"https:\/\/www.associationdemarie.org\/blog\/?p=27126"},"modified":"2026-08-18T06:28:55","modified_gmt":"2026-08-18T05:28:55","slug":"que-la-crainte-et-la-charite-de-dieu-nous-gardent-a-labri-du-demon","status":"publish","type":"post","link":"https:\/\/www.associationdemarie.org\/blog\/que-la-crainte-et-la-charite-de-dieu-nous-gardent-a-labri-du-demon\/","title":{"rendered":"Que la crainte et la charit\u00e9 de Dieu nous gardent \u00e0 l\u2019abri du d\u00e9mon !"},"content":{"rendered":"\n<p class=\"wp-block-paragraph\">Personne ne peut \u00eatre dit p\u00e8re des esprits, que Dieu, qui les a faits, lorsqu\u2019il lui a plu ; les hommes n\u2019ont droit qu\u2019au titre de p\u00e8res de notre chair. Le diable donc, en tant que cr\u00e9ature spirituelle, ang\u00e9lique, et bonne \u00e0 l\u2019origine, n\u2019eut pas d\u2019autre p\u00e8re que Dieu, qui lui donna l\u2019existence. Mais il s\u2019enfla d\u2019orgueil, et dit dans son c\u0153ur : \u00ab Je m\u2019\u00e9l\u00e8verai sur le sommet des nues, je serai semblable au Tr\u00e8s-Haut. \u00bb (cf. Is 14,13) C\u2019est alors qu\u2019il devint menteur et qu\u2019 \u00ab il n\u2019est pas demeur\u00e9 dans la v\u00e9rit\u00e9 \u00bb (Jn 8,44). Davantage, d\u00e8s l\u00e0 qu\u2019il tire le mensonge de son propre fonds, il ne devient pas seulement menteur, mais p\u00e8re du mensonge. On le voit bien, lorsqu\u2019il promet \u00e0 l\u2019homme la divinit\u00e9 : \u00ab Vous serez comme des dieux \u00bb (Gn 3,5), dit-il ; \u00ab il n\u2019est pas demeur\u00e9 dans la v\u00e9rit\u00e9 \u00bb. Bien plus, il devient homicide d\u00e8s le commencement, lorsqu\u2019il introduit Adam en la condition mortelle et que l\u2019instigateur du crime, il fait p\u00e9rir Abel par la main de son fr\u00e8re. (\u2026)<\/p>\n\n\n\n<p class=\"wp-block-paragraph\">Prions donc le Seigneur, que sa crainte et sa charit\u00e9 qui ne sait point mourir, pers\u00e9v\u00e8rent en nous sans d\u00e9faillance. Elles nous rendront sages en toutes choses, et nous garderons toujours \u00e0 l\u2019abri des coups du d\u00e9mon. Avec de tels gardiens, il est impossible de tomber dans les pi\u00e8ges de la mort. C\u2019est pr\u00e9cis\u00e9ment la diff\u00e9rence qui s\u00e9pare les parfaits des imparfaits, que chez les premiers, la charit\u00e9, profond\u00e9ment enracin\u00e9e et parvenue, pour ainsi parler, \u00e0 un plus m\u00fbr d\u00e9veloppement, poss\u00e8de aussi une plus in\u00e9branlable constance, et les maintient plus fermement \u00e0 la fois et plus ais\u00e9ment dans la saintet\u00e9 ; tandis que moins fortement \u00e9tablie chez les seconds et plus facile \u00e0 se refroidir, elle les laisse se prendre plus vite fr\u00e9quemment aux filets du p\u00e9ch\u00e9.<\/p>\n\n\n\n<p class=\"wp-block-paragraph\"><strong>Saint Jean Cassien (v. 360-435)<\/strong><\/p>\n","protected":false},"excerpt":{"rendered":"<p>Personne ne peut \u00eatre dit p\u00e8re des esprits, que Dieu, qui les a faits, lorsqu\u2019il lui a plu ; les hommes n\u2019ont droit qu\u2019au titre de p\u00e8res de notre chair. Le diable donc, en tant que cr\u00e9ature spirituelle, ang\u00e9lique, et bonne \u00e0 l\u2019origine, n\u2019eut pas d\u2019autre p\u00e8re que Dieu, qui lui donna l\u2019existence. Mais il [&hellip;]<\/p>\n","protected":false},"author":2,"featured_media":27127,"comment_status":"closed","ping_status":"closed","sticky":false,"template":"","format":"standard","meta":{"footnotes":""},"categories":[13,1261],"tags":[295,1303],"class_list":["post-27126","post","type-post","status-publish","format-standard","has-post-thumbnail","hentry","category-ecritures","category-enseignement-2","tag-dieu","tag-st-jean-cassien"],"_links":{"self":[{"href":"https:\/\/www.associationdemarie.org\/blog\/wp-json\/wp\/v2\/posts\/27126","targetHints":{"allow":["GET"]}}],"collection":[{"href":"https:\/\/www.associationdemarie.org\/blog\/wp-json\/wp\/v2\/posts"}],"about":[{"href":"https:\/\/www.associationdemarie.org\/blog\/wp-json\/wp\/v2\/types\/post"}],"author":[{"embeddable":true,"href":"https:\/\/www.associationdemarie.org\/blog\/wp-json\/wp\/v2\/users\/2"}],"replies":[{"embeddable":true,"href":"https:\/\/www.associationdemarie.org\/blog\/wp-json\/wp\/v2\/comments?post=27126"}],"version-history":[{"count":1,"href":"https:\/\/www.associationdemarie.org\/blog\/wp-json\/wp\/v2\/posts\/27126\/revisions"}],"predecessor-version":[{"id":27128,"href":"https:\/\/www.associationdemarie.org\/blog\/wp-json\/wp\/v2\/posts\/27126\/revisions\/27128"}],"wp:featuredmedia":[{"embeddable":true,"href":"https:\/\/www.associationdemarie.org\/blog\/wp-json\/wp\/v2\/media\/27127"}],"wp:attachment":[{"href":"https:\/\/www.associationdemarie.org\/blog\/wp-json\/wp\/v2\/media?parent=27126"}],"wp:term":[{"taxonomy":"category","embeddable":true,"href":"https:\/\/www.associationdemarie.org\/blog\/wp-json\/wp\/v2\/categories?post=27126"},{"taxonomy":"post_tag","embeddable":true,"href":"https:\/\/www.associationdemarie.org\/blog\/wp-json\/wp\/v2\/tags?post=27126"}],"curies":[{"name":"wp","href":"https:\/\/api.w.org\/{rel}","templated":true}]}}