{"id":27123,"date":"2026-08-31T01:01:00","date_gmt":"2026-08-31T00:01:00","guid":{"rendered":"https:\/\/www.associationdemarie.org\/blog\/?p=27123"},"modified":"2026-08-17T06:03:45","modified_gmt":"2026-08-17T05:03:45","slug":"jesus-de-nazareth-dieu-la-consacre-par-lesprit-saint-et-sa-puissance-ac-1038-2","status":"publish","type":"post","link":"https:\/\/www.associationdemarie.org\/blog\/jesus-de-nazareth-dieu-la-consacre-par-lesprit-saint-et-sa-puissance-ac-1038-2\/","title":{"rendered":"\u00ab J\u00e9sus de Nazareth, Dieu l&rsquo;a consacr\u00e9 par l&rsquo;Esprit Saint et sa puissance. \u00bb (Ac 10,38)"},"content":{"rendered":"\n<p class=\"wp-block-paragraph\">Notre Sauveur est devenu Christ ou Messie dans son incarnation, et il demeure vrai roi et vrai pr\u00eatre\u2026 Chez les Isra\u00e9lites, les pr\u00eatres et rois recevaient une onction d&rsquo;huile\u2026 ; on les appelaient \u00ab chrism\u00e9s \u00bb ou \u00ab christs \u00bb \u2014 tandis que le Sauveur, qui est vraiment le Christ, a \u00e9t\u00e9 consacr\u00e9 par l&rsquo;onction du Saint-Esprit\u2026<\/p>\n\n\n\n<p class=\"wp-block-paragraph\">Par le Sauveur lui-m\u00eame, nous savons que cela est vrai. Quand il a re\u00e7u le livre d&rsquo;Isa\u00efe, il l&rsquo;a ouvert et y a lu : \u00ab L&rsquo;Esprit du Seigneur est sur moi, parce qu&rsquo;il m&rsquo;a consacr\u00e9 par l&rsquo;onction \u00bb, puis il a d\u00e9clar\u00e9 que la proph\u00e9tie \u00e9tait alors accomplie pour ceux qui l&rsquo;entendaient. En outre, Pierre, le prince des ap\u00f4tres, nous a enseign\u00e9 que cette huile sainte, ce chr\u00eame, par lequel le Seigneur se manifeste comme Christ, est le Saint-Esprit, autrement dit la puissance de Dieu. Dans les Actes des Ap\u00f4tres, lorsqu&rsquo;il parlait \u00e0 cet homme plein de foi et de mis\u00e9ricorde qu&rsquo;\u00e9tait le centurion, il dit : \u00ab Cela a commenc\u00e9 en Galil\u00e9e, apr\u00e8s le bapt\u00eame proclam\u00e9 par Jean. J\u00e9sus de Nazareth, Dieu l&rsquo;a consacr\u00e9 par l&rsquo;Esprit Saint et sa puissance. L\u00e0 o\u00f9 il passait, il accomplissait des miracles et des merveilles, et il d\u00e9livrait tous ceux qui \u00e9taient tomb\u00e9s au pouvoir du d\u00e9mon \u00bb (10,37s).<\/p>\n\n\n\n<p class=\"wp-block-paragraph\">Vous voyez donc que Pierre aussi l&rsquo;a dit : Ce J\u00e9sus, dans son incarnation, a re\u00e7u l&rsquo;onction qui l&rsquo;a \u00ab consacr\u00e9 par l&rsquo;Esprit Saint et sa puissance \u00bb. C&rsquo;est pourquoi J\u00e9sus lui-m\u00eame, dans son incarnation, a \u00e9t\u00e9 fait Christ, lui que l&rsquo;onction de l&rsquo;Esprit Saint a fait roi et pr\u00eatre pour toujours.<\/p>\n\n\n\n<p class=\"wp-block-paragraph\"><strong>Faustin de Rome (2e moiti\u00e9 du 4e s.)<\/strong><\/p>\n","protected":false},"excerpt":{"rendered":"<p>Notre Sauveur est devenu Christ ou Messie dans son incarnation, et il demeure vrai roi et vrai pr\u00eatre\u2026 Chez les Isra\u00e9lites, les pr\u00eatres et rois recevaient une onction d&rsquo;huile\u2026 ; on les appelaient \u00ab chrism\u00e9s \u00bb ou \u00ab christs \u00bb \u2014 tandis que le Sauveur, qui est vraiment le Christ, a \u00e9t\u00e9 consacr\u00e9 par l&rsquo;onction [&hellip;]<\/p>\n","protected":false},"author":2,"featured_media":27124,"comment_status":"closed","ping_status":"closed","sticky":false,"template":"","format":"standard","meta":{"footnotes":""},"categories":[13,1261],"tags":[1501,536],"class_list":["post-27123","post","type-post","status-publish","format-standard","has-post-thumbnail","hentry","category-ecritures","category-enseignement-2","tag-faustin-de-rome","tag-jesus-christ"],"_links":{"self":[{"href":"https:\/\/www.associationdemarie.org\/blog\/wp-json\/wp\/v2\/posts\/27123","targetHints":{"allow":["GET"]}}],"collection":[{"href":"https:\/\/www.associationdemarie.org\/blog\/wp-json\/wp\/v2\/posts"}],"about":[{"href":"https:\/\/www.associationdemarie.org\/blog\/wp-json\/wp\/v2\/types\/post"}],"author":[{"embeddable":true,"href":"https:\/\/www.associationdemarie.org\/blog\/wp-json\/wp\/v2\/users\/2"}],"replies":[{"embeddable":true,"href":"https:\/\/www.associationdemarie.org\/blog\/wp-json\/wp\/v2\/comments?post=27123"}],"version-history":[{"count":1,"href":"https:\/\/www.associationdemarie.org\/blog\/wp-json\/wp\/v2\/posts\/27123\/revisions"}],"predecessor-version":[{"id":27125,"href":"https:\/\/www.associationdemarie.org\/blog\/wp-json\/wp\/v2\/posts\/27123\/revisions\/27125"}],"wp:featuredmedia":[{"embeddable":true,"href":"https:\/\/www.associationdemarie.org\/blog\/wp-json\/wp\/v2\/media\/27124"}],"wp:attachment":[{"href":"https:\/\/www.associationdemarie.org\/blog\/wp-json\/wp\/v2\/media?parent=27123"}],"wp:term":[{"taxonomy":"category","embeddable":true,"href":"https:\/\/www.associationdemarie.org\/blog\/wp-json\/wp\/v2\/categories?post=27123"},{"taxonomy":"post_tag","embeddable":true,"href":"https:\/\/www.associationdemarie.org\/blog\/wp-json\/wp\/v2\/tags?post=27123"}],"curies":[{"name":"wp","href":"https:\/\/api.w.org\/{rel}","templated":true}]}}