{"id":270,"date":"2009-05-31T11:07:45","date_gmt":"2009-05-31T11:07:45","guid":{"rendered":"http:\/\/preprod.meltem-int.com\/marie\/blog\/?p=270"},"modified":"2009-05-31T11:07:45","modified_gmt":"2009-05-31T11:07:45","slug":"pentecote","status":"publish","type":"post","link":"https:\/\/www.associationdemarie.org\/blog\/pentecote\/","title":{"rendered":"Pentec\u00f4te"},"content":{"rendered":"<p><img loading=\"lazy\" decoding=\"async\" class=\"alignleft size-medium wp-image-269\" title=\"pentecote\" src=\"https:\/\/www.associationdemarie.org\/blog\/wp-content\/uploads\/2009\/05\/pentecote-208x300.jpg\" alt=\"pentecote\" width=\"208\" height=\"300\" srcset=\"https:\/\/www.associationdemarie.org\/blog\/wp-content\/uploads\/2009\/05\/pentecote-208x300.jpg 208w, https:\/\/www.associationdemarie.org\/blog\/wp-content\/uploads\/2009\/05\/pentecote.jpg 312w\" sizes=\"auto, (max-width: 208px) 100vw, 208px\" \/>La venue de l&rsquo;Esprit Saint est racont\u00e9 dans le livre des actes des Ap\u00f4tres : c&rsquo;est la seconde partie de l&rsquo;\u00c9vangile de Luc.<\/p>\n<p>Le jour de la Pentec\u00f4te \u00e9tant arriv\u00e9, ils se trouvaient tous ensemble dans un m\u00eame lieu, quand, tout \u00e0 coup, vint du ciel un bruit tel que celui d&rsquo;un violent coup de vent, qui remplit toute la maison o\u00f9 ils se tenaient.<\/p>\n<p>Ils virent appara\u00eetre des langues qu&rsquo;on e\u00fbt dites de feu; elles se partageaient, et il s&rsquo;en posa une sur chacun d&rsquo;eux. Tous furent alors remplis de l&rsquo;Esprit Saint et commenc\u00e8rent \u00e0 parler en d&rsquo;autres langues, selon que l&rsquo;Esprit leur donnait de s&rsquo;exprimer.. (Actes, II)<\/p>\n","protected":false},"excerpt":{"rendered":"<p>La venue de l&rsquo;Esprit Saint est racont\u00e9 dans le livre des actes des Ap\u00f4tres : c&rsquo;est la seconde partie de l&rsquo;\u00c9vangile de Luc. Le jour de la Pentec\u00f4te \u00e9tant arriv\u00e9, ils se trouvaient tous ensemble dans un m\u00eame lieu, quand, tout \u00e0 coup, vint du ciel un bruit tel que celui d&rsquo;un violent coup de [&hellip;]<\/p>\n","protected":false},"author":2,"featured_media":0,"comment_status":"closed","ping_status":"closed","sticky":false,"template":"","format":"standard","meta":{"footnotes":""},"categories":[13],"tags":[36,599,927],"class_list":["post-270","post","type-post","status-publish","format-standard","hentry","category-ecritures","tag-actes","tag-luc","tag-saint-esprit"],"_links":{"self":[{"href":"https:\/\/www.associationdemarie.org\/blog\/wp-json\/wp\/v2\/posts\/270","targetHints":{"allow":["GET"]}}],"collection":[{"href":"https:\/\/www.associationdemarie.org\/blog\/wp-json\/wp\/v2\/posts"}],"about":[{"href":"https:\/\/www.associationdemarie.org\/blog\/wp-json\/wp\/v2\/types\/post"}],"author":[{"embeddable":true,"href":"https:\/\/www.associationdemarie.org\/blog\/wp-json\/wp\/v2\/users\/2"}],"replies":[{"embeddable":true,"href":"https:\/\/www.associationdemarie.org\/blog\/wp-json\/wp\/v2\/comments?post=270"}],"version-history":[{"count":0,"href":"https:\/\/www.associationdemarie.org\/blog\/wp-json\/wp\/v2\/posts\/270\/revisions"}],"wp:attachment":[{"href":"https:\/\/www.associationdemarie.org\/blog\/wp-json\/wp\/v2\/media?parent=270"}],"wp:term":[{"taxonomy":"category","embeddable":true,"href":"https:\/\/www.associationdemarie.org\/blog\/wp-json\/wp\/v2\/categories?post=270"},{"taxonomy":"post_tag","embeddable":true,"href":"https:\/\/www.associationdemarie.org\/blog\/wp-json\/wp\/v2\/tags?post=270"}],"curies":[{"name":"wp","href":"https:\/\/api.w.org\/{rel}","templated":true}]}}