{"id":2696,"date":"2011-03-02T07:49:11","date_gmt":"2011-03-02T07:49:11","guid":{"rendered":"http:\/\/preprod.meltem-int.com\/marie\/blog\/?p=2696"},"modified":"2011-03-02T07:49:11","modified_gmt":"2011-03-02T07:49:11","slug":"dies-ir%c3%a6","status":"publish","type":"post","link":"https:\/\/www.associationdemarie.org\/blog\/dies-ir%c3%a6\/","title":{"rendered":"Dies Ir\u00e6"},"content":{"rendered":"<p><a href=\"https:\/\/www.associationdemarie.org\/blog\/wp-content\/uploads\/2011\/03\/jesus-chasse-les-marchands-du-temple-leandro-bassano.jpg\"><img loading=\"lazy\" decoding=\"async\" class=\"aligncenter size-medium wp-image-2697\" title=\"J\u00e9sus chasse les marchands du temple -leandro bassano\" src=\"https:\/\/www.associationdemarie.org\/blog\/wp-content\/uploads\/2011\/03\/jesus-chasse-les-marchands-du-temple-leandro-bassano-300x237.jpg\" alt=\"\" width=\"300\" height=\"237\" srcset=\"https:\/\/www.associationdemarie.org\/blog\/wp-content\/uploads\/2011\/03\/jesus-chasse-les-marchands-du-temple-leandro-bassano-300x237.jpg 300w, https:\/\/www.associationdemarie.org\/blog\/wp-content\/uploads\/2011\/03\/jesus-chasse-les-marchands-du-temple-leandro-bassano.jpg 540w\" sizes=\"auto, (max-width: 300px) 100vw, 300px\" \/><\/a><\/p>\n<p><strong><em>Pourquoi J\u00e9sus se met-il en col\u00e8re ? C\u2019est tellement inhabituel de sa part. Mais il est s\u00fbr que la vue de tous ces marchands faisant commerce de religion, que tous ces changeurs de monnaie arnaquant les gens et que toutes ces b\u00eates qui encombrent l\u2019acc\u00e8s au Temple agacent J\u00e9sus \u00e0 un tel point qu\u2019il explose : Trop c\u2019est trop !<\/em><\/strong><\/p>\n<p><strong><em>A ses yeux, le Temple doit \u00eatre et rester une maison de pri\u00e8res o\u00f9 il est possible de se rapprocher de Dieu et faire l\u2019exp\u00e9rience de sa gr\u00e2ce. Tous ces marchands et leur tintamarre l\u2019en emp\u00eachent ! Le proph\u00e8te Zacharie le dit lui-m\u00eame : \u00ab Il n\u2019y aura plus de marchands. \u00bb En ce sens J\u00e9sus accomplit les \u00c9critures.<\/em><\/strong><\/p>\n<p><strong><em>L\u2019amour de la maison de Dieu d\u00e9vore J\u00e9sus comme il nous d\u00e9vore et nous devons chasser de notre vie tous les marchands qui nous \u00e9loignent du P\u00e8re. Et les exemples ne manquent pas, avec tous ces vendeurs d\u2019illusions et de r\u00eaves qui nous am\u00e8nent \u00e0 confondre plaisir des sens et bonheur. Sans parler de ceux qui font bassement commerce de la foi&#8230;<\/em><\/strong><\/p>\n<p><strong><em>Refusons la \u00ab l\u00e2che prostitution des consciences \u00bb comme le dit Bossuet et, avec le Christ, faisons place nette autour de nous et dans nos c\u0153urs pour pouvoir accueillir notre P\u00e8re \u00e0 tous.<\/em><\/strong><\/p>\n<p><strong><em>Bernard Vollerin<\/em><\/strong><\/p>\n<p><strong><em><span style=\"color: #ffffff;\">.<\/span><\/em><\/strong><\/p>\n","protected":false},"excerpt":{"rendered":"<p>Pourquoi J\u00e9sus se met-il en col\u00e8re ? C\u2019est tellement inhabituel de sa part. Mais il est s\u00fbr que la vue de tous ces marchands faisant commerce de religion, que tous ces changeurs de monnaie arnaquant les gens et que toutes ces b\u00eates qui encombrent l\u2019acc\u00e8s au Temple agacent J\u00e9sus \u00e0 un tel point qu\u2019il explose [&hellip;]<\/p>\n","protected":false},"author":2,"featured_media":0,"comment_status":"closed","ping_status":"closed","sticky":false,"template":"","format":"standard","meta":{"footnotes":""},"categories":[3,4,12,13,15],"tags":[239,535,630,1130],"class_list":["post-2696","post","type-post","status-publish","format-standard","hentry","category-liturgique","category-iconographie","category-crise","category-ecritures","category-histoire","tag-colere","tag-jesus","tag-marchands-du-temple","tag-temple"],"_links":{"self":[{"href":"https:\/\/www.associationdemarie.org\/blog\/wp-json\/wp\/v2\/posts\/2696","targetHints":{"allow":["GET"]}}],"collection":[{"href":"https:\/\/www.associationdemarie.org\/blog\/wp-json\/wp\/v2\/posts"}],"about":[{"href":"https:\/\/www.associationdemarie.org\/blog\/wp-json\/wp\/v2\/types\/post"}],"author":[{"embeddable":true,"href":"https:\/\/www.associationdemarie.org\/blog\/wp-json\/wp\/v2\/users\/2"}],"replies":[{"embeddable":true,"href":"https:\/\/www.associationdemarie.org\/blog\/wp-json\/wp\/v2\/comments?post=2696"}],"version-history":[{"count":0,"href":"https:\/\/www.associationdemarie.org\/blog\/wp-json\/wp\/v2\/posts\/2696\/revisions"}],"wp:attachment":[{"href":"https:\/\/www.associationdemarie.org\/blog\/wp-json\/wp\/v2\/media?parent=2696"}],"wp:term":[{"taxonomy":"category","embeddable":true,"href":"https:\/\/www.associationdemarie.org\/blog\/wp-json\/wp\/v2\/categories?post=2696"},{"taxonomy":"post_tag","embeddable":true,"href":"https:\/\/www.associationdemarie.org\/blog\/wp-json\/wp\/v2\/tags?post=2696"}],"curies":[{"name":"wp","href":"https:\/\/api.w.org\/{rel}","templated":true}]}}