{"id":2679,"date":"2011-03-15T01:13:37","date_gmt":"2011-03-15T01:13:37","guid":{"rendered":"http:\/\/preprod.meltem-int.com\/marie\/blog\/?p=2679"},"modified":"2011-03-15T01:13:37","modified_gmt":"2011-03-15T01:13:37","slug":"mardi-de-la-premiere-semaine-de-careme","status":"publish","type":"post","link":"https:\/\/www.associationdemarie.org\/blog\/mardi-de-la-premiere-semaine-de-careme\/","title":{"rendered":"Mardi de la premi\u00e8re semaine de Car\u00eame"},"content":{"rendered":"<p><a href=\"https:\/\/www.associationdemarie.org\/blog\/wp-content\/uploads\/2011\/03\/Priere-Notre-P\u00e8re.gif\"><img loading=\"lazy\" decoding=\"async\" class=\"aligncenter size-medium wp-image-2680\" title=\"Priere Notre P\u00e8re\" src=\"https:\/\/www.associationdemarie.org\/blog\/wp-content\/uploads\/2011\/03\/Priere-Notre-P\u00e8re-229x300.gif\" alt=\"\" width=\"229\" height=\"300\" \/><\/a><\/p>\n<p><strong>\u00ab Notre P\u00e8re \u00bb<\/strong><\/p>\n<p>Il n&rsquo;y a qu&rsquo;une seule voix \u00e0 s&rsquo;\u00e9lever de la face de la terre : celle du Christ. Cette voix r\u00e9unit et coordonne en elle-m\u00eame toutes les voix qui s&rsquo;\u00e9l\u00e8vent en pri\u00e8re. Prier &#8212; bon nombre de gens ne savent pas le faire, bon nombre n&rsquo;osent pas le faire et bon nombre ne veulent pas le faire. Dans la communion des saints, nous agissons et prions en leur nom.<\/p>\n<p>Nous prions au nom de ceux qui ne prient pas. La pri\u00e8re devrait devenir comme notre \u00ab m\u00e9tier \u00bb. Les ap\u00f4tres comprenaient cela \u00e0 la perfection : quand ils se sont aper\u00e7us qu&rsquo;ils risquaient de se perdre dans une multitude d&rsquo;activit\u00e9s, ils ont d\u00e9cid\u00e9 de s&rsquo;adonner \u00e0 la pri\u00e8re continuelle et au minist\u00e8re de la Parole (Ac 6,4).<\/p>\n<p>Dieu veut que nous soyons toujours davantage comme des enfants, plus humbles, plus reconnaissants dans notre pri\u00e8re, et que nous n&rsquo;essayions pas de prier seuls puisque tous nous appartenons au corps mystique du Christ qui est toujours en pri\u00e8re. Il n&rsquo;est pas question de \u00ab je prie \u00bb, mais en moi et avec moi J\u00e9sus prie et, par cons\u00e9quent, c&rsquo;est le Corps du Christ qui prie.<\/p>\n<p>Bienheureuse Teresa de Calcutta (1910-1997), fondatrice des S\u0153urs Missionnaires de la Charit\u00e9<br \/>\n<em>Prayer : Seeking the Heart of God, with Bro. Roger (trad. La pri\u00e8re, fra\u00eecheur d&rsquo;une source)<\/em><\/p>\n<p><em><span style=\"color: #ffffff;\">.<\/span><\/em><\/p>\n","protected":false},"excerpt":{"rendered":"<p>\u00ab Notre P\u00e8re \u00bb Il n&rsquo;y a qu&rsquo;une seule voix \u00e0 s&rsquo;\u00e9lever de la face de la terre : celle du Christ. Cette voix r\u00e9unit et coordonne en elle-m\u00eame toutes les voix qui s&rsquo;\u00e9l\u00e8vent en pri\u00e8re. Prier &#8212; bon nombre de gens ne savent pas le faire, bon nombre n&rsquo;osent pas le faire et bon [&hellip;]<\/p>\n","protected":false},"author":2,"featured_media":0,"comment_status":"closed","ping_status":"closed","sticky":false,"template":"","format":"standard","meta":{"footnotes":""},"categories":[3,9,13,27],"tags":[719,830,1059],"class_list":["post-2679","post","type-post","status-publish","format-standard","hentry","category-liturgique","category-careme-2011","category-ecritures","category-prieres","tag-notre-pere","tag-priere","tag-st-matthieu"],"_links":{"self":[{"href":"https:\/\/www.associationdemarie.org\/blog\/wp-json\/wp\/v2\/posts\/2679","targetHints":{"allow":["GET"]}}],"collection":[{"href":"https:\/\/www.associationdemarie.org\/blog\/wp-json\/wp\/v2\/posts"}],"about":[{"href":"https:\/\/www.associationdemarie.org\/blog\/wp-json\/wp\/v2\/types\/post"}],"author":[{"embeddable":true,"href":"https:\/\/www.associationdemarie.org\/blog\/wp-json\/wp\/v2\/users\/2"}],"replies":[{"embeddable":true,"href":"https:\/\/www.associationdemarie.org\/blog\/wp-json\/wp\/v2\/comments?post=2679"}],"version-history":[{"count":0,"href":"https:\/\/www.associationdemarie.org\/blog\/wp-json\/wp\/v2\/posts\/2679\/revisions"}],"wp:attachment":[{"href":"https:\/\/www.associationdemarie.org\/blog\/wp-json\/wp\/v2\/media?parent=2679"}],"wp:term":[{"taxonomy":"category","embeddable":true,"href":"https:\/\/www.associationdemarie.org\/blog\/wp-json\/wp\/v2\/categories?post=2679"},{"taxonomy":"post_tag","embeddable":true,"href":"https:\/\/www.associationdemarie.org\/blog\/wp-json\/wp\/v2\/tags?post=2679"}],"curies":[{"name":"wp","href":"https:\/\/api.w.org\/{rel}","templated":true}]}}