{"id":26742,"date":"2026-05-01T01:24:00","date_gmt":"2026-05-01T00:24:00","guid":{"rendered":"https:\/\/www.associationdemarie.org\/blog\/?p=26742"},"modified":"2026-04-15T16:25:51","modified_gmt":"2026-04-15T15:25:51","slug":"jesus-chemin-vers-la-trinite","status":"publish","type":"post","link":"https:\/\/www.associationdemarie.org\/blog\/jesus-chemin-vers-la-trinite\/","title":{"rendered":"J\u00e9sus, chemin vers la Trinit\u00e9"},"content":{"rendered":"\n<p>\u00ab\u00a0Je suis la voie\u00a0\u00bb (Jn 14,6). Entre toute cr\u00e9ature et Dieu, il y a l\u2019infini. Les anges, sans l\u2019\u00e9l\u00e9vation surnaturelle, sont \u00e0 une distance incommensurable de la divinit\u00e9. Dieu seul, de par sa nature, se voit tel qu\u2019il est\u00a0; lui seul a le droit de plonger le regard dans la profondeur de ses perfections. Les hommes ne connaissent Dieu que par ses \u0153uvres\u00a0: \u00ab\u00a0La nu\u00e9e et l\u2019ombre l\u2019environnent\u00a0\u00bb (Ps 96,2). Eh bien\u00a0! nous sommes appel\u00e9s \u00e0 voir Dieu comme il se voit, \u00e0 l\u2019aimer comme il s\u2019aime et \u00e0 vivre de la vie divine. Telle est notre destin\u00e9e surnaturelle. <\/p>\n\n\n\n<p>Or entre cette \u00e9l\u00e9vation et les capacit\u00e9s de notre nature, il y a un ab\u00eeme infranchissable. Par le Christ, \u00e0 la fois Dieu et homme, et par la gr\u00e2ce d\u2019adoption, il nous est donn\u00e9 de triompher de cet \u00e9loignement. Le Christ est comme le pont jet\u00e9 sur cette profondeur insondable\u00a0: par son humanit\u00e9 sainte, il est la voie, gr\u00e2ce \u00e0 laquelle nous parvenons jusqu\u2019\u00e0 la Trinit\u00e9. J\u00e9sus ne l\u2019a-t-il pas dit lui-m\u00eame\u00a0: \u00ab\u00a0Personne ne vient au P\u00e8re que par moi\u00a0\u00bb (Jn 14,6). Cette voie ne trompe pas\u00a0; celui qui la suit arrivera infailliblement au terme\u00a0; \u00ab\u00a0il aura la lumi\u00e8re de vie\u00a0\u00bb (Jn 8,12). Car, comme Verbe, J\u00e9sus est un avec le P\u00e8re, son humanit\u00e9 nous fait donc n\u00e9cessairement atteindre la divinit\u00e9. <\/p>\n\n\n\n<p>Lorsqu\u2019il nous ins\u00e8re dans son corps mystique, en toute v\u00e9rit\u00e9, il nous prend \u00e0 lui, afin que nous puissions demeurer l\u00e0 o\u00f9 il est lui-m\u00eame\u00a0\u00bb, c\u2019est-\u00e0-dire, \u00eatre unis au Verbe et \u00e0 l\u2019Esprit dans le sein du P\u00e8re\u00a0: \u00ab\u00a0Je reviendrai vous prendre aupr\u00e8s de moi, afin que l\u00e0 o\u00f9 je serai, vous soyez aussi\u00a0\u00bb (Jn 14,3). Appuyez-vous donc en tout sur les m\u00e9rites de notre cher Sauveur.<\/p>\n\n\n\n<p><strong>Bienheureux Columba Marmion (1858-1923)<\/strong><\/p>\n","protected":false},"excerpt":{"rendered":"<p>\u00ab\u00a0Je suis la voie\u00a0\u00bb (Jn 14,6). Entre toute cr\u00e9ature et Dieu, il y a l\u2019infini. Les anges, sans l\u2019\u00e9l\u00e9vation surnaturelle, sont \u00e0 une distance incommensurable de la divinit\u00e9. Dieu seul, de par sa nature, se voit tel qu\u2019il est\u00a0; lui seul a le droit de plonger le regard dans la profondeur de ses perfections. Les [&hellip;]<\/p>\n","protected":false},"author":2,"featured_media":26743,"comment_status":"closed","ping_status":"closed","sticky":false,"template":"","format":"standard","meta":{"footnotes":""},"categories":[13,1261],"tags":[1464,210,535,1110],"class_list":["post-26742","post","type-post","status-publish","format-standard","has-post-thumbnail","hentry","category-ecritures","category-enseignement-2","tag-bienheureux-columba-marmion","tag-chemin","tag-jesus","tag-ste-trinite"],"_links":{"self":[{"href":"https:\/\/www.associationdemarie.org\/blog\/wp-json\/wp\/v2\/posts\/26742","targetHints":{"allow":["GET"]}}],"collection":[{"href":"https:\/\/www.associationdemarie.org\/blog\/wp-json\/wp\/v2\/posts"}],"about":[{"href":"https:\/\/www.associationdemarie.org\/blog\/wp-json\/wp\/v2\/types\/post"}],"author":[{"embeddable":true,"href":"https:\/\/www.associationdemarie.org\/blog\/wp-json\/wp\/v2\/users\/2"}],"replies":[{"embeddable":true,"href":"https:\/\/www.associationdemarie.org\/blog\/wp-json\/wp\/v2\/comments?post=26742"}],"version-history":[{"count":1,"href":"https:\/\/www.associationdemarie.org\/blog\/wp-json\/wp\/v2\/posts\/26742\/revisions"}],"predecessor-version":[{"id":26744,"href":"https:\/\/www.associationdemarie.org\/blog\/wp-json\/wp\/v2\/posts\/26742\/revisions\/26744"}],"wp:featuredmedia":[{"embeddable":true,"href":"https:\/\/www.associationdemarie.org\/blog\/wp-json\/wp\/v2\/media\/26743"}],"wp:attachment":[{"href":"https:\/\/www.associationdemarie.org\/blog\/wp-json\/wp\/v2\/media?parent=26742"}],"wp:term":[{"taxonomy":"category","embeddable":true,"href":"https:\/\/www.associationdemarie.org\/blog\/wp-json\/wp\/v2\/categories?post=26742"},{"taxonomy":"post_tag","embeddable":true,"href":"https:\/\/www.associationdemarie.org\/blog\/wp-json\/wp\/v2\/tags?post=26742"}],"curies":[{"name":"wp","href":"https:\/\/api.w.org\/{rel}","templated":true}]}}