{"id":26736,"date":"2026-04-29T01:45:00","date_gmt":"2026-04-29T00:45:00","guid":{"rendered":"https:\/\/www.associationdemarie.org\/blog\/?p=26736"},"modified":"2026-04-15T06:47:31","modified_gmt":"2026-04-15T05:47:31","slug":"fete-de-sainte-catherine-de-sienne-vierge-docteur-de-leglise-copatronne-de-leurope-6","status":"publish","type":"post","link":"https:\/\/www.associationdemarie.org\/blog\/fete-de-sainte-catherine-de-sienne-vierge-docteur-de-leglise-copatronne-de-leurope-6\/","title":{"rendered":"F\u00eate de sainte Catherine de Sienne, vierge, docteur de l&rsquo;Eglise, copatronne de l&rsquo;Europe"},"content":{"rendered":"\n<p>En s&rsquo;\u00e9levant au-dessus d&rsquo;elle-m\u00eame, une \u00e2me tourment\u00e9e d&rsquo;un tr\u00e8s grand d\u00e9sir de l&rsquo;honneur de Dieu et du salut des \u00e2mes, en arrive \u00e0 s&rsquo;exercer pendant quelque temps dans la pratique des vertus ordinaires et s&rsquo;enferme dans la cellule de la connaissance d&rsquo;elle-m\u00eame, pour mieux conna\u00eetre la bont\u00e9 de Dieu envers elle. Car l&rsquo;amour suit la connaissance et, en aimant, l&rsquo;\u00e2me cherche \u00e0 suivre la v\u00e9rit\u00e9 et \u00e0 se rev\u00eatir de la v\u00e9rit\u00e9. Rien ne fait mieux go\u00fbter \u00e0 la cr\u00e9ature cette v\u00e9rit\u00e9, rien ne lui procure tant de lumi\u00e8re que l&rsquo;oraison humble, continue, fond\u00e9e sur la connaissance de soi-m\u00eame et de Dieu. L&rsquo;oraison ainsi comprise et pratiqu\u00e9e unit l&rsquo;\u00e2me avec Dieu. <\/p>\n\n\n\n<p>En suivant les traces du Christ crucifi\u00e9, par d\u00e9sir, par affection, par union d&rsquo;amour, elle devient un autre lui-m\u00eame. N&rsquo;est-ce-pas ce que le Christ a voulu nous apprendre quand il nous dit\u00a0: \u00ab\u00a0\u00c0 qui m&rsquo;aimera et gardera ma Parole, je me manifesterai moi-m\u00eame \u00e0 lui\u00a0: il sera une m\u00eame chose avec moi et moi avec lui\u00a0\u00bb (Jn 14,21). Nous trouvons en maints endroits des paroles semblables. Puisque le Christ est V\u00e9rit\u00e9, elles nous font bien voir que, par l&rsquo;amour, l&rsquo;\u00e2me devient une m\u00eame chose avec lui. <\/p>\n\n\n\n<p>Pour le montrer plus clairement, je me souviens d&rsquo;avoir appris d&rsquo;une servante de Dieu que, dans un grand ravissement de l&rsquo;esprit qu&rsquo;elle eut dans son oraison, Dieu, d\u00e9chirant les voiles, lui avait fait contempler l&rsquo;amour qu&rsquo;il a pour ses serviteurs. Il lui disait entre autres choses: \u00ab\u00a0Ouvre l&rsquo;\u0153il de ton intelligence et regarde en moi\u00a0; tu y verras la dignit\u00e9 et la beaut\u00e9 de ma cr\u00e9ature raisonnable. Outre la beaut\u00e9 que j&rsquo;ai donn\u00e9 \u00e0 l&rsquo;\u00e2me en la cr\u00e9ant \u00e0 mon image et ressemblance, contemple ceux qui sont rev\u00eatus de la robe nuptiale, c&rsquo;est-\u00e0-dire de la charit\u00e9, orn\u00e9e de la multitude des vertus. Ceux-l\u00e0, ne font qu&rsquo;un avec moi par l&rsquo;amour\u00a0\u00bb.<\/p>\n\n\n\n<p><strong>Sainte Catherine de Sienne (1347-1380)<\/strong><\/p>\n","protected":false},"excerpt":{"rendered":"<p>En s&rsquo;\u00e9levant au-dessus d&rsquo;elle-m\u00eame, une \u00e2me tourment\u00e9e d&rsquo;un tr\u00e8s grand d\u00e9sir de l&rsquo;honneur de Dieu et du salut des \u00e2mes, en arrive \u00e0 s&rsquo;exercer pendant quelque temps dans la pratique des vertus ordinaires et s&rsquo;enferme dans la cellule de la connaissance d&rsquo;elle-m\u00eame, pour mieux conna\u00eetre la bont\u00e9 de Dieu envers elle. Car l&rsquo;amour suit la [&hellip;]<\/p>\n","protected":false},"author":2,"featured_media":26737,"comment_status":"closed","ping_status":"closed","sticky":false,"template":"","format":"standard","meta":{"footnotes":""},"categories":[26,28],"tags":[57,1089],"class_list":["post-26736","post","type-post","status-publish","format-standard","has-post-thumbnail","hentry","category-priere-des-ames","category-saints-et-saintes","tag-ame","tag-ste-catherine-de-sienne"],"_links":{"self":[{"href":"https:\/\/www.associationdemarie.org\/blog\/wp-json\/wp\/v2\/posts\/26736","targetHints":{"allow":["GET"]}}],"collection":[{"href":"https:\/\/www.associationdemarie.org\/blog\/wp-json\/wp\/v2\/posts"}],"about":[{"href":"https:\/\/www.associationdemarie.org\/blog\/wp-json\/wp\/v2\/types\/post"}],"author":[{"embeddable":true,"href":"https:\/\/www.associationdemarie.org\/blog\/wp-json\/wp\/v2\/users\/2"}],"replies":[{"embeddable":true,"href":"https:\/\/www.associationdemarie.org\/blog\/wp-json\/wp\/v2\/comments?post=26736"}],"version-history":[{"count":1,"href":"https:\/\/www.associationdemarie.org\/blog\/wp-json\/wp\/v2\/posts\/26736\/revisions"}],"predecessor-version":[{"id":26738,"href":"https:\/\/www.associationdemarie.org\/blog\/wp-json\/wp\/v2\/posts\/26736\/revisions\/26738"}],"wp:featuredmedia":[{"embeddable":true,"href":"https:\/\/www.associationdemarie.org\/blog\/wp-json\/wp\/v2\/media\/26737"}],"wp:attachment":[{"href":"https:\/\/www.associationdemarie.org\/blog\/wp-json\/wp\/v2\/media?parent=26736"}],"wp:term":[{"taxonomy":"category","embeddable":true,"href":"https:\/\/www.associationdemarie.org\/blog\/wp-json\/wp\/v2\/categories?post=26736"},{"taxonomy":"post_tag","embeddable":true,"href":"https:\/\/www.associationdemarie.org\/blog\/wp-json\/wp\/v2\/tags?post=26736"}],"curies":[{"name":"wp","href":"https:\/\/api.w.org\/{rel}","templated":true}]}}