{"id":26697,"date":"2026-04-17T01:09:00","date_gmt":"2026-04-17T00:09:00","guid":{"rendered":"https:\/\/www.associationdemarie.org\/blog\/?p=26697"},"modified":"2026-04-02T07:11:43","modified_gmt":"2026-04-02T06:11:43","slug":"donnez-leur-vous-memes-a-manger-mt-1416-2","status":"publish","type":"post","link":"https:\/\/www.associationdemarie.org\/blog\/donnez-leur-vous-memes-a-manger-mt-1416-2\/","title":{"rendered":"\u00ab Donnez-leur vous-m\u00eames \u00e0 manger. \u00bb (Mt 14,16)"},"content":{"rendered":"\n<p>Dans le pain de l&rsquo;eucharistie, nous recevons la multiplication in\u00e9puisable des pains de l&rsquo;amour de J\u00e9sus Christ, assez riche pour rassasier la faim de tous les si\u00e8cles, et qui cherche ainsi \u00e0 nous mettre, nous aussi, au service de cette multiplication des pains. Les quelques pains de seigle de notre vie pourront sembler inutiles, mais le Seigneur en a besoin et les demande. <\/p>\n\n\n\n<p>Les sacrements de l&rsquo;\u00c9glise sont, comme l&rsquo;\u00c9glise elle-m\u00eame, le fruit du grain de bl\u00e9 mourant (Jn 12,24). Pour les recevoir, nous devons entrer dans le mouvement d&rsquo;o\u00f9 ils proviennent eux-m\u00eames. Ce mouvement consiste \u00e0 se perdre soi-m\u00eame, sans quoi l&rsquo;on ne peut pas se trouver : \u00ab Celui qui veut garder sa vie la perdra ; mais celui qui perd sa vie \u00e0 cause de moi et de l&rsquo;\u00c9vangile, celui-l\u00e0 la gardera \u00bb (Mc 8,35). Cette parole du Seigneur est la formule fondamentale d&rsquo;une vie chr\u00e9tienne&#8230;; la forme caract\u00e9ristique de la vie chr\u00e9tienne lui vient de la croix. L&rsquo;ouverture chr\u00e9tienne au monde, tant pr\u00f4n\u00e9e aujourd&rsquo;hui, ne peut trouver son vrai mod\u00e8le que dans le c\u00f4t\u00e9 ouvert du Seigneur (Jn 19,34), expression de cet amour radical, seul capable de sauver. <\/p>\n\n\n\n<p>Du sang et de l&rsquo;eau ont jailli du c\u00f4t\u00e9 transperc\u00e9 de J\u00e9sus crucifi\u00e9. Ce qui, \u00e0 premi\u00e8re vue, est signe de sa mort, signe de son \u00e9chec le plus complet, constitue en m\u00eame temps un commencement nouveau : le Crucifi\u00e9 ressuscite et ne meurt plus. Des profondeurs de la mort surgit la promesse de la vie \u00e9ternelle. Au-dessus de la croix de J\u00e9sus Christ, resplendit d\u00e9j\u00e0 la clart\u00e9 victorieuse du matin de P\u00e2ques. C&rsquo;est pourquoi, vivre avec lui sous le signe de la croix est synonyme de vivre sous la promesse de la joie pascale.<\/p>\n\n\n\n<p><strong>Beno\u00eet XVI<\/strong><\/p>\n","protected":false},"excerpt":{"rendered":"<p>Dans le pain de l&rsquo;eucharistie, nous recevons la multiplication in\u00e9puisable des pains de l&rsquo;amour de J\u00e9sus Christ, assez riche pour rassasier la faim de tous les si\u00e8cles, et qui cherche ainsi \u00e0 nous mettre, nous aussi, au service de cette multiplication des pains. Les quelques pains de seigle de notre vie pourront sembler inutiles, mais [&hellip;]<\/p>\n","protected":false},"author":2,"featured_media":26698,"comment_status":"closed","ping_status":"closed","sticky":false,"template":"","format":"standard","meta":{"footnotes":""},"categories":[13,1261],"tags":[1697,246,1335],"class_list":["post-26697","post","type-post","status-publish","format-standard","has-post-thumbnail","hentry","category-ecritures","category-enseignement-2","tag-benoit-16-2","tag-communion","tag-multiplication"],"_links":{"self":[{"href":"https:\/\/www.associationdemarie.org\/blog\/wp-json\/wp\/v2\/posts\/26697","targetHints":{"allow":["GET"]}}],"collection":[{"href":"https:\/\/www.associationdemarie.org\/blog\/wp-json\/wp\/v2\/posts"}],"about":[{"href":"https:\/\/www.associationdemarie.org\/blog\/wp-json\/wp\/v2\/types\/post"}],"author":[{"embeddable":true,"href":"https:\/\/www.associationdemarie.org\/blog\/wp-json\/wp\/v2\/users\/2"}],"replies":[{"embeddable":true,"href":"https:\/\/www.associationdemarie.org\/blog\/wp-json\/wp\/v2\/comments?post=26697"}],"version-history":[{"count":1,"href":"https:\/\/www.associationdemarie.org\/blog\/wp-json\/wp\/v2\/posts\/26697\/revisions"}],"predecessor-version":[{"id":26699,"href":"https:\/\/www.associationdemarie.org\/blog\/wp-json\/wp\/v2\/posts\/26697\/revisions\/26699"}],"wp:featuredmedia":[{"embeddable":true,"href":"https:\/\/www.associationdemarie.org\/blog\/wp-json\/wp\/v2\/media\/26698"}],"wp:attachment":[{"href":"https:\/\/www.associationdemarie.org\/blog\/wp-json\/wp\/v2\/media?parent=26697"}],"wp:term":[{"taxonomy":"category","embeddable":true,"href":"https:\/\/www.associationdemarie.org\/blog\/wp-json\/wp\/v2\/categories?post=26697"},{"taxonomy":"post_tag","embeddable":true,"href":"https:\/\/www.associationdemarie.org\/blog\/wp-json\/wp\/v2\/tags?post=26697"}],"curies":[{"name":"wp","href":"https:\/\/api.w.org\/{rel}","templated":true}]}}