{"id":26590,"date":"2026-03-16T01:04:00","date_gmt":"2026-03-16T00:04:00","guid":{"rendered":"https:\/\/www.associationdemarie.org\/blog\/?p=26590"},"modified":"2026-03-02T08:06:57","modified_gmt":"2026-03-02T07:06:57","slug":"sa-parole-etait-pleine-dautorite-2","status":"publish","type":"post","link":"https:\/\/www.associationdemarie.org\/blog\/sa-parole-etait-pleine-dautorite-2\/","title":{"rendered":"\u00ab\u00a0Sa parole \u00e9tait pleine d&rsquo;autorit\u00e9.\u00a0\u00bb"},"content":{"rendered":"\n<figure class=\"wp-block-image size-full\"><a href=\"https:\/\/www.associationdemarie.org\/blog\/wp-content\/uploads\/2026\/03\/image-0931903-20240902-ob_bfd7fd_que-la-parole-de-dieu-senracine-1024x6.jpgehkEWiwT77qKz7gIOVwtFqP879ymiiKR8H2qNhqFx66glIrislpidImgRawr0.jpeg\"><img loading=\"lazy\" decoding=\"async\" width=\"1024\" height=\"683\" src=\"https:\/\/www.associationdemarie.org\/blog\/wp-content\/uploads\/2026\/03\/image-0931903-20240902-ob_bfd7fd_que-la-parole-de-dieu-senracine-1024x6.jpgehkEWiwT77qKz7gIOVwtFqP879ymiiKR8H2qNhqFx66glIrislpidImgRawr0.jpeg\" alt=\"\" class=\"wp-image-26591\" srcset=\"https:\/\/www.associationdemarie.org\/blog\/wp-content\/uploads\/2026\/03\/image-0931903-20240902-ob_bfd7fd_que-la-parole-de-dieu-senracine-1024x6.jpgehkEWiwT77qKz7gIOVwtFqP879ymiiKR8H2qNhqFx66glIrislpidImgRawr0.jpeg 1024w, https:\/\/www.associationdemarie.org\/blog\/wp-content\/uploads\/2026\/03\/image-0931903-20240902-ob_bfd7fd_que-la-parole-de-dieu-senracine-1024x6.jpgehkEWiwT77qKz7gIOVwtFqP879ymiiKR8H2qNhqFx66glIrislpidImgRawr0-300x200.jpeg 300w, https:\/\/www.associationdemarie.org\/blog\/wp-content\/uploads\/2026\/03\/image-0931903-20240902-ob_bfd7fd_que-la-parole-de-dieu-senracine-1024x6.jpgehkEWiwT77qKz7gIOVwtFqP879ymiiKR8H2qNhqFx66glIrislpidImgRawr0-768x512.jpeg 768w\" sizes=\"auto, (max-width: 1024px) 100vw, 1024px\" \/><\/a><\/figure>\n\n\n\n<p>\u00ab\u00a0La Parole de Dieu est vivante et efficace, plus incisive qu&rsquo;un glaive \u00e0 deux tranchants\u00a0\u00bb (He 4,12). Toute la grandeur, la force et la sagesse de la Parole de Dieu, voil\u00e0 ce que par ces mots l&rsquo;ap\u00f4tre montre \u00e0 ceux qui cherchent le Christ, lui qui est la parole, la force et la sagesse de Dieu (1Co 1,24). Cette Parole \u00e9tait au commencement aupr\u00e8s du P\u00e8re, \u00e9ternelle avec lui (Jn 1,1). Elle a \u00e9t\u00e9 r\u00e9v\u00e9l\u00e9e en son temps aux ap\u00f4tres, annonc\u00e9e par eux et re\u00e7ue humblement par le peuple des croyants&#8230; <\/p>\n\n\n\n<p>Elle est vivante cette Parole \u00e0 qui le P\u00e8re a donn\u00e9 d&rsquo;avoir la vie en elle-m\u00eame, comme lui la poss\u00e8de en lui-m\u00eame (Jn 5,26). C&rsquo;est pourquoi elle est non seulement vivante, mais elle est la vie, comme il est \u00e9crit\u00a0: \u00ab\u00a0Je suis la voie, la v\u00e9rit\u00e9, la vie\u00a0\u00bb (Jn 14,6). Et puisqu&rsquo;elle est la vie, elle est vivante et vivifiante, car \u00ab\u00a0comme le P\u00e8re rel\u00e8ve les morts et leur donne la vie, ainsi le Fils lui aussi donne la vie \u00e0 qui il veut\u00a0\u00bb (Jn 5,21). Elle est vivifiante lorsqu&rsquo;elle appelle Lazare hors du tombeau et lui dit\u00a0: \u00ab\u00a0Viens dehors\u00a0!\u00a0\u00bb (Jn 11,43) Lorsque cette Parole est proclam\u00e9e, la voix qui la prononce r\u00e9sonne \u00e0 l&rsquo;ext\u00e9rieur avec une force qui, per\u00e7ue \u00e0 l&rsquo;int\u00e9rieur, fait revivre les morts, et en \u00e9veillant la foi, suscite de vrais enfants \u00e0 Abraham (Mt 3,9). Oui, elle est vivante cette Parole, vivante dans le c\u0153ur du P\u00e8re, dans la bouche de celui qui la proclame, dans le c\u0153ur de celui qui croit et qui aime.<\/p>\n\n\n\n<p><strong>Baudouin de Ford (?-v. 1190)<\/strong><\/p>\n","protected":false},"excerpt":{"rendered":"<p>\u00ab\u00a0La Parole de Dieu est vivante et efficace, plus incisive qu&rsquo;un glaive \u00e0 deux tranchants\u00a0\u00bb (He 4,12). Toute la grandeur, la force et la sagesse de la Parole de Dieu, voil\u00e0 ce que par ces mots l&rsquo;ap\u00f4tre montre \u00e0 ceux qui cherchent le Christ, lui qui est la parole, la force et la sagesse de [&hellip;]<\/p>\n","protected":false},"author":2,"featured_media":26591,"comment_status":"closed","ping_status":"closed","sticky":false,"template":"","format":"standard","meta":{"footnotes":""},"categories":[13,1261],"tags":[1502,1249,770],"class_list":["post-26590","post","type-post","status-publish","format-standard","has-post-thumbnail","hentry","category-ecritures","category-enseignement-2","tag-autorite","tag-baudouin-de-ford","tag-parole"],"_links":{"self":[{"href":"https:\/\/www.associationdemarie.org\/blog\/wp-json\/wp\/v2\/posts\/26590","targetHints":{"allow":["GET"]}}],"collection":[{"href":"https:\/\/www.associationdemarie.org\/blog\/wp-json\/wp\/v2\/posts"}],"about":[{"href":"https:\/\/www.associationdemarie.org\/blog\/wp-json\/wp\/v2\/types\/post"}],"author":[{"embeddable":true,"href":"https:\/\/www.associationdemarie.org\/blog\/wp-json\/wp\/v2\/users\/2"}],"replies":[{"embeddable":true,"href":"https:\/\/www.associationdemarie.org\/blog\/wp-json\/wp\/v2\/comments?post=26590"}],"version-history":[{"count":1,"href":"https:\/\/www.associationdemarie.org\/blog\/wp-json\/wp\/v2\/posts\/26590\/revisions"}],"predecessor-version":[{"id":26592,"href":"https:\/\/www.associationdemarie.org\/blog\/wp-json\/wp\/v2\/posts\/26590\/revisions\/26592"}],"wp:featuredmedia":[{"embeddable":true,"href":"https:\/\/www.associationdemarie.org\/blog\/wp-json\/wp\/v2\/media\/26591"}],"wp:attachment":[{"href":"https:\/\/www.associationdemarie.org\/blog\/wp-json\/wp\/v2\/media?parent=26590"}],"wp:term":[{"taxonomy":"category","embeddable":true,"href":"https:\/\/www.associationdemarie.org\/blog\/wp-json\/wp\/v2\/categories?post=26590"},{"taxonomy":"post_tag","embeddable":true,"href":"https:\/\/www.associationdemarie.org\/blog\/wp-json\/wp\/v2\/tags?post=26590"}],"curies":[{"name":"wp","href":"https:\/\/api.w.org\/{rel}","templated":true}]}}