{"id":26587,"date":"2026-03-15T01:05:00","date_gmt":"2026-03-15T00:05:00","guid":{"rendered":"https:\/\/www.associationdemarie.org\/blog\/?p=26587"},"modified":"2026-03-01T09:07:40","modified_gmt":"2026-03-01T08:07:40","slug":"que-ceux-qui-ne-voient-pas-puissent-voir-jn-939","status":"publish","type":"post","link":"https:\/\/www.associationdemarie.org\/blog\/que-ceux-qui-ne-voient-pas-puissent-voir-jn-939\/","title":{"rendered":"\u00ab Que ceux qui ne voient pas puissent voir. \u00bb (Jn 9,39)"},"content":{"rendered":"\n<figure class=\"wp-block-image aligncenter size-full\"><a href=\"https:\/\/www.associationdemarie.org\/blog\/wp-content\/uploads\/2026\/03\/Bartimee.jpg\"><img loading=\"lazy\" decoding=\"async\" width=\"800\" height=\"444\" src=\"https:\/\/www.associationdemarie.org\/blog\/wp-content\/uploads\/2026\/03\/Bartimee.jpg\" alt=\"\" class=\"wp-image-26588\" srcset=\"https:\/\/www.associationdemarie.org\/blog\/wp-content\/uploads\/2026\/03\/Bartimee.jpg 800w, https:\/\/www.associationdemarie.org\/blog\/wp-content\/uploads\/2026\/03\/Bartimee-300x167.jpg 300w, https:\/\/www.associationdemarie.org\/blog\/wp-content\/uploads\/2026\/03\/Bartimee-768x426.jpg 768w\" sizes=\"auto, (max-width: 800px) 100vw, 800px\" \/><\/a><\/figure>\n\n\n\n<p>\u00ab\u00a0Celui qui se d\u00e9clare sans p\u00e9ch\u00e9 se ment \u00e0 lui-m\u00eame, et la v\u00e9rit\u00e9 n\u2019est pas en lui\u00a0\u00bb (1 Jn 1,8). Pour les grandes \u00e2mes, les \u00e2mes saintes, cette assertion est lumineuse. C\u2019est que, se rapprochant davantage de Dieu, soleil de justice et saintet\u00e9 immacul\u00e9e, elles aper\u00e7oivent mieux les taches qui les d\u00e9parent; l\u2019\u00e9clat, la vivacit\u00e9 de la lumi\u00e8re divine o\u00f9 elles se meuvent, fait appara\u00eetre, par contraste, leurs moindre d\u00e9faillances dans un plus saisissant relief\u00a0; leur regard int\u00e9rieur, \u00e9pur\u00e9 par la foi et l\u2019amour, p\u00e9n\u00e8tre plus profond\u00e9ment les perfections divines\u00a0; elles ont une vue plus claire de leur n\u00e9ant; elles mesurent mieux l\u2019ab\u00eeme qui les s\u00e9pare de l\u2019infini. (\u2026) <\/p>\n\n\n\n<p>Il y a, dans leur attitude habituelle de repentir et de d\u00e9testation du p\u00e9ch\u00e9, une preuve constante de surnaturelle d\u00e9licatesse, qui ne peut manquer de plaire \u00e0 Dieu et d\u2019incliner vers l\u2019\u00e2me l\u2019infinie mis\u00e9ricorde du Seigneur. D\u2019ailleurs, l\u2019\u00e9tat d\u2019\u00e2me que nous \u00e9tudions n\u2019est nullement, comme on pourrait le croire \u00e0 premi\u00e8re vue, incompatible avec la confiance et la joie spirituelle, avec les effusions de l\u2019amour et de la complaisance en Dieu. Bien au contraire\u00a0! (\u2026) Loin que l\u2019amour et la joie trouvent un obstacle dans l\u2019attitude habituelle de repentir qui constitue la componction, ils s\u2019y appuient comme sur une base des plus solides, et leurs \u00e9lans en partent comme d\u2019un tremplin.<\/p>\n\n\n\n<p><strong>Bienheureux Columba Marmion (1858-1923)<\/strong><\/p>\n","protected":false},"excerpt":{"rendered":"<p>\u00ab\u00a0Celui qui se d\u00e9clare sans p\u00e9ch\u00e9 se ment \u00e0 lui-m\u00eame, et la v\u00e9rit\u00e9 n\u2019est pas en lui\u00a0\u00bb (1 Jn 1,8). Pour les grandes \u00e2mes, les \u00e2mes saintes, cette assertion est lumineuse. C\u2019est que, se rapprochant davantage de Dieu, soleil de justice et saintet\u00e9 immacul\u00e9e, elles aper\u00e7oivent mieux les taches qui les d\u00e9parent; l\u2019\u00e9clat, la vivacit\u00e9 [&hellip;]<\/p>\n","protected":false},"author":2,"featured_media":26588,"comment_status":"closed","ping_status":"closed","sticky":false,"template":"","format":"standard","meta":{"footnotes":""},"categories":[13,1261],"tags":[128,1464],"class_list":["post-26587","post","type-post","status-publish","format-standard","has-post-thumbnail","hentry","category-ecritures","category-enseignement-2","tag-aveugle","tag-bienheureux-columba-marmion"],"_links":{"self":[{"href":"https:\/\/www.associationdemarie.org\/blog\/wp-json\/wp\/v2\/posts\/26587","targetHints":{"allow":["GET"]}}],"collection":[{"href":"https:\/\/www.associationdemarie.org\/blog\/wp-json\/wp\/v2\/posts"}],"about":[{"href":"https:\/\/www.associationdemarie.org\/blog\/wp-json\/wp\/v2\/types\/post"}],"author":[{"embeddable":true,"href":"https:\/\/www.associationdemarie.org\/blog\/wp-json\/wp\/v2\/users\/2"}],"replies":[{"embeddable":true,"href":"https:\/\/www.associationdemarie.org\/blog\/wp-json\/wp\/v2\/comments?post=26587"}],"version-history":[{"count":1,"href":"https:\/\/www.associationdemarie.org\/blog\/wp-json\/wp\/v2\/posts\/26587\/revisions"}],"predecessor-version":[{"id":26589,"href":"https:\/\/www.associationdemarie.org\/blog\/wp-json\/wp\/v2\/posts\/26587\/revisions\/26589"}],"wp:featuredmedia":[{"embeddable":true,"href":"https:\/\/www.associationdemarie.org\/blog\/wp-json\/wp\/v2\/media\/26588"}],"wp:attachment":[{"href":"https:\/\/www.associationdemarie.org\/blog\/wp-json\/wp\/v2\/media?parent=26587"}],"wp:term":[{"taxonomy":"category","embeddable":true,"href":"https:\/\/www.associationdemarie.org\/blog\/wp-json\/wp\/v2\/categories?post=26587"},{"taxonomy":"post_tag","embeddable":true,"href":"https:\/\/www.associationdemarie.org\/blog\/wp-json\/wp\/v2\/tags?post=26587"}],"curies":[{"name":"wp","href":"https:\/\/api.w.org\/{rel}","templated":true}]}}