{"id":26551,"date":"2026-03-03T01:51:00","date_gmt":"2026-03-03T00:51:00","guid":{"rendered":"https:\/\/www.associationdemarie.org\/blog\/?p=26551"},"modified":"2026-02-17T06:54:15","modified_gmt":"2026-02-17T05:54:15","slug":"si-moi-le-seigneur-et-le-maitre-je-vous-ai-lave-les-pieds-vous-aussi-vous-devez-vous-laver-les-pieds-les-uns-aux-autres-jn-1314","status":"publish","type":"post","link":"https:\/\/www.associationdemarie.org\/blog\/si-moi-le-seigneur-et-le-maitre-je-vous-ai-lave-les-pieds-vous-aussi-vous-devez-vous-laver-les-pieds-les-uns-aux-autres-jn-1314\/","title":{"rendered":"\u00ab\u00a0Si moi, le Seigneur et le Ma\u00eetre, je vous ai lav\u00e9 les pieds, vous aussi vous devez vous laver les pieds les uns aux autres.\u00a0\u00bb (Jn 13,14)"},"content":{"rendered":"\n<figure class=\"wp-block-image size-large\"><a href=\"https:\/\/www.associationdemarie.org\/blog\/wp-content\/uploads\/2026\/02\/LavementPieds.jpg\"><img loading=\"lazy\" decoding=\"async\" width=\"1024\" height=\"685\" src=\"https:\/\/www.associationdemarie.org\/blog\/wp-content\/uploads\/2026\/02\/LavementPieds-1024x685.jpg\" alt=\"\" class=\"wp-image-26552\" srcset=\"https:\/\/www.associationdemarie.org\/blog\/wp-content\/uploads\/2026\/02\/LavementPieds-1024x685.jpg 1024w, https:\/\/www.associationdemarie.org\/blog\/wp-content\/uploads\/2026\/02\/LavementPieds-300x201.jpg 300w, https:\/\/www.associationdemarie.org\/blog\/wp-content\/uploads\/2026\/02\/LavementPieds-768x514.jpg 768w, https:\/\/www.associationdemarie.org\/blog\/wp-content\/uploads\/2026\/02\/LavementPieds.jpg 1280w\" sizes=\"auto, (max-width: 1024px) 100vw, 1024px\" \/><\/a><\/figure>\n\n\n\n<p>\u00ab\u00a0Qui s&rsquo;abaissera sera \u00e9lev\u00e9.\u00a0\u00bb Non seulement le Christ a dit \u00e0 ses disciples de ne pas se faire appeler ma\u00eetres et de ne pas aimer les premi\u00e8res places dans les repas ni aucun autre honneur, mais il a donn\u00e9 lui-m\u00eame, en sa personne, l&rsquo;exemple et le mod\u00e8le de l&rsquo;humilit\u00e9. Alors que le nom de ma\u00eetre lui est donn\u00e9 non par complaisance mais par droit de nature, car \u00ab\u00a0tout subsiste par lui\u00a0\u00bb (Col 1,17), par son entr\u00e9e dans la chair il nous a communiqu\u00e9 un enseignement qui nous conduit tous \u00e0 la vraie vie et, parce qu&rsquo;il est plus grand que nous, il nous a \u00ab\u00a0r\u00e9concili\u00e9s avec Dieu\u00a0\u00bb (Rm 5,10). Comme s&rsquo;il nous disait\u00a0: N&rsquo;aimez pas les premiers honneurs, ne d\u00e9sirez pas vous faire appeler ma\u00eetres, de m\u00eame que \u00ab\u00a0ce n&rsquo;est pas moi qui recherche ma gloire, il y a quelqu&rsquo;un qui la recherche\u00a0\u00bb (Jn 8,50). Tenez vos regards fix\u00e9s sur moi, \u00ab\u00a0car le Fils de l&rsquo;homme n&rsquo;est pas venu pour \u00eatre servi, mais pour servir et donner sa vie pour la multitude\u00a0\u00bb (Mt 20,28). \u00a0\u00a0\u00a0\u00a0\u00a0\u00a0<\/p>\n\n\n\n<p>Assur\u00e9ment, dans ce passage de l&rsquo;\u00c9vangile, le Seigneur instruit non seulement ses disciples, mais aussi les chefs des \u00c9glises, leur prescrivant \u00e0 tous de ne pas se laisser entra\u00eener par l&rsquo;avidit\u00e9 \u00e0 rechercher les honneurs. Au contraire, que \u00ab\u00a0celui qui veut devenir grand\u00a0\u00bb soit le premier \u00e0 se faire comme lui \u00ab\u00a0le serviteur de tous\u00a0\u00bb (Mt 20,26-27).<\/p>\n\n\n\n<p><strong>Saint Paschase Radbert (?-v. 849)<\/strong><\/p>\n","protected":false},"excerpt":{"rendered":"<p>\u00ab\u00a0Qui s&rsquo;abaissera sera \u00e9lev\u00e9.\u00a0\u00bb Non seulement le Christ a dit \u00e0 ses disciples de ne pas se faire appeler ma\u00eetres et de ne pas aimer les premi\u00e8res places dans les repas ni aucun autre honneur, mais il a donn\u00e9 lui-m\u00eame, en sa personne, l&rsquo;exemple et le mod\u00e8le de l&rsquo;humilit\u00e9. Alors que le nom de ma\u00eetre [&hellip;]<\/p>\n","protected":false},"author":2,"featured_media":26552,"comment_status":"closed","ping_status":"closed","sticky":false,"template":"","format":"standard","meta":{"footnotes":""},"categories":[13,1261],"tags":[203,487,1325],"class_list":["post-26551","post","type-post","status-publish","format-standard","has-post-thumbnail","hentry","category-ecritures","category-enseignement-2","tag-charite","tag-humilite","tag-st-paschase-radbert"],"_links":{"self":[{"href":"https:\/\/www.associationdemarie.org\/blog\/wp-json\/wp\/v2\/posts\/26551","targetHints":{"allow":["GET"]}}],"collection":[{"href":"https:\/\/www.associationdemarie.org\/blog\/wp-json\/wp\/v2\/posts"}],"about":[{"href":"https:\/\/www.associationdemarie.org\/blog\/wp-json\/wp\/v2\/types\/post"}],"author":[{"embeddable":true,"href":"https:\/\/www.associationdemarie.org\/blog\/wp-json\/wp\/v2\/users\/2"}],"replies":[{"embeddable":true,"href":"https:\/\/www.associationdemarie.org\/blog\/wp-json\/wp\/v2\/comments?post=26551"}],"version-history":[{"count":1,"href":"https:\/\/www.associationdemarie.org\/blog\/wp-json\/wp\/v2\/posts\/26551\/revisions"}],"predecessor-version":[{"id":26553,"href":"https:\/\/www.associationdemarie.org\/blog\/wp-json\/wp\/v2\/posts\/26551\/revisions\/26553"}],"wp:featuredmedia":[{"embeddable":true,"href":"https:\/\/www.associationdemarie.org\/blog\/wp-json\/wp\/v2\/media\/26552"}],"wp:attachment":[{"href":"https:\/\/www.associationdemarie.org\/blog\/wp-json\/wp\/v2\/media?parent=26551"}],"wp:term":[{"taxonomy":"category","embeddable":true,"href":"https:\/\/www.associationdemarie.org\/blog\/wp-json\/wp\/v2\/categories?post=26551"},{"taxonomy":"post_tag","embeddable":true,"href":"https:\/\/www.associationdemarie.org\/blog\/wp-json\/wp\/v2\/tags?post=26551"}],"curies":[{"name":"wp","href":"https:\/\/api.w.org\/{rel}","templated":true}]}}