{"id":26526,"date":"2026-02-23T01:33:00","date_gmt":"2026-02-23T00:33:00","guid":{"rendered":"https:\/\/www.associationdemarie.org\/blog\/?p=26526"},"modified":"2026-02-09T08:35:42","modified_gmt":"2026-02-09T07:35:42","slug":"comment-le-berger-jugera-t-il","status":"publish","type":"post","link":"https:\/\/www.associationdemarie.org\/blog\/comment-le-berger-jugera-t-il\/","title":{"rendered":"Comment le berger jugera-t-il ?"},"content":{"rendered":"\n<figure class=\"wp-block-image aligncenter size-full\"><a href=\"https:\/\/www.associationdemarie.org\/blog\/wp-content\/uploads\/2026\/02\/jesus-berger-192977_2.jpg\"><img loading=\"lazy\" decoding=\"async\" width=\"624\" height=\"468\" src=\"https:\/\/www.associationdemarie.org\/blog\/wp-content\/uploads\/2026\/02\/jesus-berger-192977_2.jpg\" alt=\"\" class=\"wp-image-26527\" srcset=\"https:\/\/www.associationdemarie.org\/blog\/wp-content\/uploads\/2026\/02\/jesus-berger-192977_2.jpg 624w, https:\/\/www.associationdemarie.org\/blog\/wp-content\/uploads\/2026\/02\/jesus-berger-192977_2-300x225.jpg 300w\" sizes=\"auto, (max-width: 624px) 100vw, 624px\" \/><\/a><\/figure>\n\n\n\n<p>\u00ab\u00a0Le P\u00e8re ne juge absolument personne, mais il a donn\u00e9 au Fils tout le pouvoir de juger\u00a0\u00bb (Jn 5,22), non qu\u2019il se d\u00e9pouille lui-m\u00eame de son pouvoir, mais il juge par le Fils. Le Fils juge donc sur l\u2019indication du P\u00e8re. Car les indications du P\u00e8re ne sont pas d\u2019une sorte et les indications du Fils d\u2019une autre sorte, mais une seule et m\u00eame indication. Que dit donc le juge sur ta responsabilit\u00e9 ou ton irresponsabilit\u00e9 au sujet de tes \u0153uvres\u00a0? <\/p>\n\n\n\n<p>\u00ab\u00a0Et ils r\u00e9uniront devant lui tous les peuples\u00a0\u00bb car il \u00ab\u00a0faut que tous plient le genou devant le Christ, habitants des cieux, de la terre et des enfers\u00a0\u00bb. \u00ab\u00a0Et il les s\u00e9parera les uns des autres, comme le berger s\u00e9pare les brebis des boucs\u00a0\u00bb (cf. Mt 25,32\u00a0; Rm 14,10\u00a0; Ph 2,10). Le berger, comment s\u00e9pare-t-il\u00a0? Est-ce en cherchant d\u2019apr\u00e8s un livre quelle b\u00eate est brebis et quelle autre bouc\u00a0? Ou juge-t-il d\u2019apr\u00e8s ce qu\u2019il voit\u00a0? Est-ce que la laine ne d\u00e9signe pas la brebis et une toison velue et s\u00e8che le bouc\u00a0? Ainsi, si tu as \u00e9t\u00e9 pr\u00e9alablement purifi\u00e9 de tes fautes, tes \u0153uvres paraissent \u00e0 l\u2019ext\u00e9rieur comme une laine pure, et la robe d\u2019innocence t\u2019attend et tu diras toujours\u00a0: \u00ab\u00a0J\u2019ai quitt\u00e9 ma tunique, comment la remettrai-je\u00a0?\u00a0\u00bb (Ct 5,3). Ta toison te fait reconna\u00eetre pour une brebis. Mais si tu es trouv\u00e9 velu, \u00e0 l\u2019image d\u2019Esa\u00fc qui avait le poil \u00e9pais et l\u2019esprit l\u00e9ger, qui pour un mets avait sacrifi\u00e9 son droit d\u2019a\u00eenesse et vendu sa pr\u00e9rogative, tu seras plac\u00e9 \u00e0 gauche. <\/p>\n\n\n\n<p>Plaise \u00e0 Dieu que nul de ceux qui sont ici ne d\u00e9choie de la gr\u00e2ce, et ne soit trouv\u00e9, \u00e0 cause de ses mauvaises actions, dans les rangs de gauche, ceux des p\u00e9cheurs.<\/p>\n\n\n\n<p><strong>Saint Cyrille de J\u00e9rusalem (313-350)<\/strong><\/p>\n","protected":false},"excerpt":{"rendered":"<p>\u00ab\u00a0Le P\u00e8re ne juge absolument personne, mais il a donn\u00e9 au Fils tout le pouvoir de juger\u00a0\u00bb (Jn 5,22), non qu\u2019il se d\u00e9pouille lui-m\u00eame de son pouvoir, mais il juge par le Fils. Le Fils juge donc sur l\u2019indication du P\u00e8re. Car les indications du P\u00e8re ne sont pas d\u2019une sorte et les indications du [&hellip;]<\/p>\n","protected":false},"author":2,"featured_media":26527,"comment_status":"closed","ping_status":"closed","sticky":false,"template":"","format":"standard","meta":{"footnotes":""},"categories":[1261,14],"tags":[143,553,1499],"class_list":["post-26526","post","type-post","status-publish","format-standard","has-post-thumbnail","hentry","category-enseignement-2","category-groupe-prieres","tag-berger","tag-jugement","tag-st-cyrille-de-jerusalem"],"_links":{"self":[{"href":"https:\/\/www.associationdemarie.org\/blog\/wp-json\/wp\/v2\/posts\/26526","targetHints":{"allow":["GET"]}}],"collection":[{"href":"https:\/\/www.associationdemarie.org\/blog\/wp-json\/wp\/v2\/posts"}],"about":[{"href":"https:\/\/www.associationdemarie.org\/blog\/wp-json\/wp\/v2\/types\/post"}],"author":[{"embeddable":true,"href":"https:\/\/www.associationdemarie.org\/blog\/wp-json\/wp\/v2\/users\/2"}],"replies":[{"embeddable":true,"href":"https:\/\/www.associationdemarie.org\/blog\/wp-json\/wp\/v2\/comments?post=26526"}],"version-history":[{"count":1,"href":"https:\/\/www.associationdemarie.org\/blog\/wp-json\/wp\/v2\/posts\/26526\/revisions"}],"predecessor-version":[{"id":26528,"href":"https:\/\/www.associationdemarie.org\/blog\/wp-json\/wp\/v2\/posts\/26526\/revisions\/26528"}],"wp:featuredmedia":[{"embeddable":true,"href":"https:\/\/www.associationdemarie.org\/blog\/wp-json\/wp\/v2\/media\/26527"}],"wp:attachment":[{"href":"https:\/\/www.associationdemarie.org\/blog\/wp-json\/wp\/v2\/media?parent=26526"}],"wp:term":[{"taxonomy":"category","embeddable":true,"href":"https:\/\/www.associationdemarie.org\/blog\/wp-json\/wp\/v2\/categories?post=26526"},{"taxonomy":"post_tag","embeddable":true,"href":"https:\/\/www.associationdemarie.org\/blog\/wp-json\/wp\/v2\/tags?post=26526"}],"curies":[{"name":"wp","href":"https:\/\/api.w.org\/{rel}","templated":true}]}}