{"id":26511,"date":"2026-02-18T01:06:00","date_gmt":"2026-02-18T00:06:00","guid":{"rendered":"https:\/\/www.associationdemarie.org\/blog\/?p=26511"},"modified":"2026-02-04T09:11:21","modified_gmt":"2026-02-04T08:11:21","slug":"mercredi-des-cendres-6","status":"publish","type":"post","link":"https:\/\/www.associationdemarie.org\/blog\/mercredi-des-cendres-6\/","title":{"rendered":"Mercredi des Cendres"},"content":{"rendered":"\n<figure class=\"wp-block-image aligncenter size-full\"><a href=\"https:\/\/www.associationdemarie.org\/blog\/wp-content\/uploads\/2026\/02\/image.jpg\"><img loading=\"lazy\" decoding=\"async\" width=\"670\" height=\"447\" src=\"https:\/\/www.associationdemarie.org\/blog\/wp-content\/uploads\/2026\/02\/image.jpg\" alt=\"\" class=\"wp-image-26512\" srcset=\"https:\/\/www.associationdemarie.org\/blog\/wp-content\/uploads\/2026\/02\/image.jpg 670w, https:\/\/www.associationdemarie.org\/blog\/wp-content\/uploads\/2026\/02\/image-300x200.jpg 300w\" sizes=\"auto, (max-width: 670px) 100vw, 670px\" \/><\/a><\/figure>\n\n\n\n<p>Le car\u00eame marque le moment o\u00f9 il nous faut rentrer en nous-m\u00eames. C&rsquo;est un temps d&rsquo;intimit\u00e9 particuli\u00e8re avec Dieu dans le secret du c\u0153ur et de la conscience. C&rsquo;est dans cette intimit\u00e9 int\u00e9rieure avec Dieu que s&rsquo;accomplit l&rsquo;\u0153uvre essentielle du car\u00eame\u00a0: le travail de conversion. <\/p>\n\n\n\n<p>Et dans ce secret int\u00e9rieur, dans cette intimit\u00e9 avec Dieu dans la pleine v\u00e9rit\u00e9 du c\u0153ur et de la conscience, r\u00e9sonnent des mots comme ceux du psaume de la liturgie d&rsquo;aujourd&rsquo;hui, l&rsquo;une des confessions les plus profondes que l&rsquo;homme ait jamais faite devant Dieu\u00a0: \u00ab\u00a0Piti\u00e9 pour moi, mon Dieu, dans ton amour, \/ dans ta grande mis\u00e9ricorde, efface mes torts. \/ Lave-moi tout entier de ma faute, \/ et de mon p\u00e9ch\u00e9, purifie-moi. \/ Oui, je reconnais mes torts, \/ j&rsquo;ai toujours mon p\u00e9ch\u00e9 devant moi, \/ Contre toi, et toi seul, j&rsquo;ai p\u00e9ch\u00e9, \/ ce qui est mal \u00e0 tes yeux, je l&rsquo;ai fait\u00a0\u00bb (Ps 50,1-6). <\/p>\n\n\n\n<p>Ce sont des mots qui purifient, des mots qui transforment. Ils transforment l&rsquo;homme de l&rsquo;int\u00e9rieur. R\u00e9citons-les souvent pendant le car\u00eame. Et surtout, essayons de renouveler cet esprit qui les anime, ce souffle int\u00e9rieur qui a justement donn\u00e9 \u00e0 ces mots une force de conversion. Car le car\u00eame est essentiellement une invitation \u00e0 la conversion. Les \u0153uvres de pi\u00e9t\u00e9 dont parle l&rsquo;\u00c9vangile d&rsquo;aujourd&rsquo;hui ouvrent la route \u00e0 cette conversion. Exer\u00e7ons-les autant qu&rsquo;il est possible. Mais en premier lieu, cherchons \u00e0 rencontrer Dieu int\u00e9rieurement dans toute notre vie, dans tout ce dont elle est faite, pour arriver \u00e0 cette conversion en profondeur dont est plein le psaume p\u00e9nitentiel de la liturgie d&rsquo;aujourd&rsquo;hui.<\/p>\n\n\n\n<p><strong>Saint Jean-Paul II (1920-2005)<\/strong><\/p>\n\n\n\n<p><\/p>\n","protected":false},"excerpt":{"rendered":"<p>Le car\u00eame marque le moment o\u00f9 il nous faut rentrer en nous-m\u00eames. C&rsquo;est un temps d&rsquo;intimit\u00e9 particuli\u00e8re avec Dieu dans le secret du c\u0153ur et de la conscience. C&rsquo;est dans cette intimit\u00e9 int\u00e9rieure avec Dieu que s&rsquo;accomplit l&rsquo;\u0153uvre essentielle du car\u00eame\u00a0: le travail de conversion. Et dans ce secret int\u00e9rieur, dans cette intimit\u00e9 avec Dieu [&hellip;]<\/p>\n","protected":false},"author":2,"featured_media":26512,"comment_status":"closed","ping_status":"closed","sticky":false,"template":"","format":"standard","meta":{"footnotes":""},"categories":[3],"tags":[184,190,1253],"class_list":["post-26511","post","type-post","status-publish","format-standard","has-post-thumbnail","hentry","category-liturgique","tag-careme","tag-cendres","tag-st-jean-paul-2"],"_links":{"self":[{"href":"https:\/\/www.associationdemarie.org\/blog\/wp-json\/wp\/v2\/posts\/26511","targetHints":{"allow":["GET"]}}],"collection":[{"href":"https:\/\/www.associationdemarie.org\/blog\/wp-json\/wp\/v2\/posts"}],"about":[{"href":"https:\/\/www.associationdemarie.org\/blog\/wp-json\/wp\/v2\/types\/post"}],"author":[{"embeddable":true,"href":"https:\/\/www.associationdemarie.org\/blog\/wp-json\/wp\/v2\/users\/2"}],"replies":[{"embeddable":true,"href":"https:\/\/www.associationdemarie.org\/blog\/wp-json\/wp\/v2\/comments?post=26511"}],"version-history":[{"count":1,"href":"https:\/\/www.associationdemarie.org\/blog\/wp-json\/wp\/v2\/posts\/26511\/revisions"}],"predecessor-version":[{"id":26513,"href":"https:\/\/www.associationdemarie.org\/blog\/wp-json\/wp\/v2\/posts\/26511\/revisions\/26513"}],"wp:featuredmedia":[{"embeddable":true,"href":"https:\/\/www.associationdemarie.org\/blog\/wp-json\/wp\/v2\/media\/26512"}],"wp:attachment":[{"href":"https:\/\/www.associationdemarie.org\/blog\/wp-json\/wp\/v2\/media?parent=26511"}],"wp:term":[{"taxonomy":"category","embeddable":true,"href":"https:\/\/www.associationdemarie.org\/blog\/wp-json\/wp\/v2\/categories?post=26511"},{"taxonomy":"post_tag","embeddable":true,"href":"https:\/\/www.associationdemarie.org\/blog\/wp-json\/wp\/v2\/tags?post=26511"}],"curies":[{"name":"wp","href":"https:\/\/api.w.org\/{rel}","templated":true}]}}