{"id":26508,"date":"2026-02-17T01:17:00","date_gmt":"2026-02-17T00:17:00","guid":{"rendered":"https:\/\/www.associationdemarie.org\/blog\/?p=26508"},"modified":"2026-02-03T06:20:31","modified_gmt":"2026-02-03T05:20:31","slug":"vous-ne-voyez-pas-vous-ne-comprenez-pas-encore-5","status":"publish","type":"post","link":"https:\/\/www.associationdemarie.org\/blog\/vous-ne-voyez-pas-vous-ne-comprenez-pas-encore-5\/","title":{"rendered":"\u00ab\u00a0Vous ne voyez pas ? Vous ne comprenez pas encore ?\u00a0\u00bb"},"content":{"rendered":"\n<figure class=\"wp-block-image aligncenter size-full\"><a href=\"https:\/\/www.associationdemarie.org\/blog\/wp-content\/uploads\/2026\/02\/500x500.jpg\"><img loading=\"lazy\" decoding=\"async\" width=\"500\" height=\"500\" src=\"https:\/\/www.associationdemarie.org\/blog\/wp-content\/uploads\/2026\/02\/500x500.jpg\" alt=\"\" class=\"wp-image-26509\" srcset=\"https:\/\/www.associationdemarie.org\/blog\/wp-content\/uploads\/2026\/02\/500x500.jpg 500w, https:\/\/www.associationdemarie.org\/blog\/wp-content\/uploads\/2026\/02\/500x500-300x300.jpg 300w, https:\/\/www.associationdemarie.org\/blog\/wp-content\/uploads\/2026\/02\/500x500-150x150.jpg 150w\" sizes=\"auto, (max-width: 500px) 100vw, 500px\" \/><\/a><\/figure>\n\n\n\n<p>Si nous percions le voile, et si nous \u00e9tions vigilants et attentifs, Dieu se r\u00e9v\u00e9lerait sans cesse \u00e0 nous, et nous jouirions de son action en tout ce qui nous arrive. \u00c0 chaque chose, nous dirions\u00a0: \u00ab\u00a0Dominus est, c&rsquo;est le Seigneur\u00a0!\u00a0\u00bb (Jn 21,7) Et nous trouverions dans toutes les circonstances que nous recevons un don de Dieu. (\u2026) Si nous avions la foi, nous saurions bon gr\u00e9 \u00e0 toutes les cr\u00e9atures\u00a0; nous les caresserions, et nous les remercierions int\u00e9rieurement de ce qu&rsquo;elles servent et se rendent si favorables \u00e0 notre perfection, appliqu\u00e9e par la main de Dieu. <\/p>\n\n\n\n<p>La foi est la m\u00e8re de la douceur, de la confiance, de la joie. (\u2026) On ne peut avoir trop de confiance en la volont\u00e9 de Dieu et trop s&rsquo;y abandonner. Elle peut et veut toujours ce qui contribuera le plus \u00e0 notre perfection, pourvu toutefois que nous laissions faire Dieu. La foi n&rsquo;en doute pas. Plus les sens sont infid\u00e8les, r\u00e9volt\u00e9s, d\u00e9sesp\u00e9r\u00e9s, incertains, plus la foi dit\u00a0: \u00ab\u00a0Cela est Dieu\u00a0! Tout va bien\u00a0!\u00a0\u00bb (\u2026) La foi passe au-del\u00e0 de tout, et quelques efforts que les ombres fassent, elle les perce pour aller jusqu&rsquo;\u00e0 la v\u00e9rit\u00e9, elle l&#8217;embrasse toujours avec fermet\u00e9 et ne s&rsquo;en s\u00e9pare jamais. (\u2026) <\/p>\n\n\n\n<p>La foi est la lumi\u00e8re du temps. Elle seule atteint la v\u00e9rit\u00e9 sans la voir, elle touche ce qu&rsquo;elle ne sent point, elle voit tout ce monde comme s&rsquo;il n&rsquo;\u00e9tait point, voyant tout autre chose que ce qui est apparent. C&rsquo;est la clef des tr\u00e9sors, la clef de l&rsquo;ab\u00eeme, la clef de la science de Dieu. (\u2026) Quand une \u00e2me a re\u00e7u cette intelligence de la foi, Dieu lui parle par toutes les cr\u00e9atures. L&rsquo;univers est pour elle une \u00e9criture vivante que le doigt de Dieu trace incessamment devant ses yeux.<\/p>\n\n\n\n<p><strong>Jean-Pierre de Caussade (1675-1751)<\/strong><\/p>\n\n\n\n<p><\/p>\n","protected":false},"excerpt":{"rendered":"<p>Si nous percions le voile, et si nous \u00e9tions vigilants et attentifs, Dieu se r\u00e9v\u00e9lerait sans cesse \u00e0 nous, et nous jouirions de son action en tout ce qui nous arrive. \u00c0 chaque chose, nous dirions\u00a0: \u00ab\u00a0Dominus est, c&rsquo;est le Seigneur\u00a0!\u00a0\u00bb (Jn 21,7) Et nous trouverions dans toutes les circonstances que nous recevons un don [&hellip;]<\/p>\n","protected":false},"author":2,"featured_media":26509,"comment_status":"closed","ping_status":"closed","sticky":false,"template":"","format":"standard","meta":{"footnotes":""},"categories":[13,1261],"tags":[425,529],"class_list":["post-26508","post","type-post","status-publish","format-standard","has-post-thumbnail","hentry","category-ecritures","category-enseignement-2","tag-foi","tag-jean-pierre-de-caussade"],"_links":{"self":[{"href":"https:\/\/www.associationdemarie.org\/blog\/wp-json\/wp\/v2\/posts\/26508","targetHints":{"allow":["GET"]}}],"collection":[{"href":"https:\/\/www.associationdemarie.org\/blog\/wp-json\/wp\/v2\/posts"}],"about":[{"href":"https:\/\/www.associationdemarie.org\/blog\/wp-json\/wp\/v2\/types\/post"}],"author":[{"embeddable":true,"href":"https:\/\/www.associationdemarie.org\/blog\/wp-json\/wp\/v2\/users\/2"}],"replies":[{"embeddable":true,"href":"https:\/\/www.associationdemarie.org\/blog\/wp-json\/wp\/v2\/comments?post=26508"}],"version-history":[{"count":1,"href":"https:\/\/www.associationdemarie.org\/blog\/wp-json\/wp\/v2\/posts\/26508\/revisions"}],"predecessor-version":[{"id":26510,"href":"https:\/\/www.associationdemarie.org\/blog\/wp-json\/wp\/v2\/posts\/26508\/revisions\/26510"}],"wp:featuredmedia":[{"embeddable":true,"href":"https:\/\/www.associationdemarie.org\/blog\/wp-json\/wp\/v2\/media\/26509"}],"wp:attachment":[{"href":"https:\/\/www.associationdemarie.org\/blog\/wp-json\/wp\/v2\/media?parent=26508"}],"wp:term":[{"taxonomy":"category","embeddable":true,"href":"https:\/\/www.associationdemarie.org\/blog\/wp-json\/wp\/v2\/categories?post=26508"},{"taxonomy":"post_tag","embeddable":true,"href":"https:\/\/www.associationdemarie.org\/blog\/wp-json\/wp\/v2\/tags?post=26508"}],"curies":[{"name":"wp","href":"https:\/\/api.w.org\/{rel}","templated":true}]}}