{"id":2639,"date":"2011-03-18T01:20:05","date_gmt":"2011-03-18T01:20:05","guid":{"rendered":"http:\/\/preprod.meltem-int.com\/marie\/blog\/?p=2639"},"modified":"2011-03-18T01:20:05","modified_gmt":"2011-03-18T01:20:05","slug":"huitieme-jour","status":"publish","type":"post","link":"https:\/\/www.associationdemarie.org\/blog\/huitieme-jour\/","title":{"rendered":"Huiti\u00e8me jour"},"content":{"rendered":"<p><strong>8\u00e8me jour : Saint Joseph, mod\u00e8le des travailleurs.<\/strong><\/p>\n<p><strong><a href=\"https:\/\/www.associationdemarie.org\/blog\/wp-content\/uploads\/2011\/03\/St_Joseph_the_Worker.jpg\"><img loading=\"lazy\" decoding=\"async\" class=\"aligncenter size-medium wp-image-2640\" title=\"St Joseph travailleur\" src=\"https:\/\/www.associationdemarie.org\/blog\/wp-content\/uploads\/2011\/03\/St_Joseph_the_Worker-300x235.jpg\" alt=\"\" width=\"300\" height=\"235\" srcset=\"https:\/\/www.associationdemarie.org\/blog\/wp-content\/uploads\/2011\/03\/St_Joseph_the_Worker-300x235.jpg 300w, https:\/\/www.associationdemarie.org\/blog\/wp-content\/uploads\/2011\/03\/St_Joseph_the_Worker.jpg 576w\" sizes=\"auto, (max-width: 300px) 100vw, 300px\" \/><\/a><br \/>\n<\/strong><\/p>\n<p>Avec Joseph, mod\u00e8le des bons ouvriers, Seigneur, nous t\u2019en prions : enseigne-nous l\u2019amour pour notre travail. Puissions-nous apprendre \u00e0 l\u2019accomplir avec justice et honn\u00eatet\u00e9.<\/p>\n<p>\u00d4 Saint Joseph, qu\u2019\u00e0 ton exemple, nous sachions travailler avec reconnaissance, joie, ordre, paix, mod\u00e9ration et patience. Par notre labeur, apprends-nous \u00e0 utiliser tous les dons re\u00e7us de Dieu.<\/p>\n<p>Notre P\u00e8re\u2026?Je vous salue Marie\u2026?Gloire au P\u00e8re\u2026<\/p>\n<p>\u00d4 Joseph, p\u00e8re virginal de J\u00e9sus, tr\u00e8s pur \u00e9poux? de la Vierge Marie, chaque jour, prie pour nous J\u00e9sus ?lui-m\u00eame, le Fils de Dieu, afin que, fortifi\u00e9 par sa gr\u00e2ce,? nous puissions lutter comme il convient dans la vie, et ?\u00eatre couronn\u00e9s par lui dans la mort.<\/p>\n<p>J\u00e9sus, Marie, Joseph, je vous confie mon c\u0153ur et? mon \u00e2me ! ?J\u00e9sus, Marie, Joseph, assistez-moi jusqu\u2019\u00e0 mon dernier? soupir !? J\u00e9sus, Marie, Joseph, que mon \u00e2me puisse partir en paix ?vers vous !<\/p>\n<p><span style=\"color: #ffffff;\">.<\/span><\/p>\n","protected":false},"excerpt":{"rendered":"<p>8\u00e8me jour : Saint Joseph, mod\u00e8le des travailleurs. Avec Joseph, mod\u00e8le des bons ouvriers, Seigneur, nous t\u2019en prions : enseigne-nous l\u2019amour pour notre travail. Puissions-nous apprendre \u00e0 l\u2019accomplir avec justice et honn\u00eatet\u00e9. \u00d4 Saint Joseph, qu\u2019\u00e0 ton exemple, nous sachions travailler avec reconnaissance, joie, ordre, paix, mod\u00e9ration et patience. Par notre labeur, apprends-nous \u00e0 utiliser [&hellip;]<\/p>\n","protected":false},"author":2,"featured_media":0,"comment_status":"closed","ping_status":"closed","sticky":false,"template":"","format":"standard","meta":{"footnotes":""},"categories":[14,23,26,27,28],"tags":[712,830,859,1050,1150],"class_list":["post-2639","post","type-post","status-publish","format-standard","hentry","category-groupe-prieres","category-neuvaine-a-st-joseph","category-priere-des-ames","category-prieres","category-saints-et-saintes","tag-neuvaine","tag-priere","tag-quotidien","tag-st-joseph-travailleur","tag-travail"],"_links":{"self":[{"href":"https:\/\/www.associationdemarie.org\/blog\/wp-json\/wp\/v2\/posts\/2639","targetHints":{"allow":["GET"]}}],"collection":[{"href":"https:\/\/www.associationdemarie.org\/blog\/wp-json\/wp\/v2\/posts"}],"about":[{"href":"https:\/\/www.associationdemarie.org\/blog\/wp-json\/wp\/v2\/types\/post"}],"author":[{"embeddable":true,"href":"https:\/\/www.associationdemarie.org\/blog\/wp-json\/wp\/v2\/users\/2"}],"replies":[{"embeddable":true,"href":"https:\/\/www.associationdemarie.org\/blog\/wp-json\/wp\/v2\/comments?post=2639"}],"version-history":[{"count":0,"href":"https:\/\/www.associationdemarie.org\/blog\/wp-json\/wp\/v2\/posts\/2639\/revisions"}],"wp:attachment":[{"href":"https:\/\/www.associationdemarie.org\/blog\/wp-json\/wp\/v2\/media?parent=2639"}],"wp:term":[{"taxonomy":"category","embeddable":true,"href":"https:\/\/www.associationdemarie.org\/blog\/wp-json\/wp\/v2\/categories?post=2639"},{"taxonomy":"post_tag","embeddable":true,"href":"https:\/\/www.associationdemarie.org\/blog\/wp-json\/wp\/v2\/tags?post=2639"}],"curies":[{"name":"wp","href":"https:\/\/api.w.org\/{rel}","templated":true}]}}