{"id":26359,"date":"2026-01-25T01:37:50","date_gmt":"2026-01-25T00:37:50","guid":{"rendered":"http:\/\/www.associationdemarie.org\/blog\/?p=26359"},"modified":"2026-01-11T08:39:34","modified_gmt":"2026-01-11T07:39:34","slug":"dieu-dans-le-christ-recherche-lhomme-et-le-renouvelle","status":"publish","type":"post","link":"https:\/\/www.associationdemarie.org\/blog\/dieu-dans-le-christ-recherche-lhomme-et-le-renouvelle\/","title":{"rendered":"Dieu dans le Christ, recherche l\u2019homme et le renouvelle"},"content":{"rendered":"\n<figure class=\"wp-block-image\"><img loading=\"lazy\" decoding=\"async\" width=\"900\" height=\"620\" src=\"https:\/\/www.associationdemarie.org\/blog\/wp-content\/uploads\/2026\/01\/25-01-Theophany.jpg\" alt=\"\" class=\"wp-image-26360\" srcset=\"https:\/\/www.associationdemarie.org\/blog\/wp-content\/uploads\/2026\/01\/25-01-Theophany.jpg 900w, https:\/\/www.associationdemarie.org\/blog\/wp-content\/uploads\/2026\/01\/25-01-Theophany-300x207.jpg 300w, https:\/\/www.associationdemarie.org\/blog\/wp-content\/uploads\/2026\/01\/25-01-Theophany-768x529.jpg 768w\" sizes=\"auto, (max-width: 900px) 100vw, 900px\" \/><\/figure>\n\n\n\n<p> Je suis la force de la divinit\u00e9 avant le temps et avant tous les si\u00e8cles, je n\u2019ai pas de commencement. Je suis la force par laquelle Dieu a tout fait en discernant et en \u00e9prouvant. Je suis le miroir de la providence de tous et j\u2019ai tonn\u00e9 avec une force immense car je suis le mot qui retentit\u00a0: FIAT, par lequel tout a commenc\u00e9\u2026             <\/p>\n\n\n\n<p>Je suis venu comme le feu et je me suis repos\u00e9 dans le ventre br\u00fblant de la Vierge et de sa chair immacul\u00e9e, je me suis incarn\u00e9 et ainsi je suis devenu un g\u00e9ant dont la valeur surpasse tout homme\u2026 Sorti du ventre de la Vierge, plong\u00e9 dans l\u2019eau, j\u2019ai recherch\u00e9 l\u2019homme et ainsi je l\u2019ai purifi\u00e9\u2026             <\/p>\n\n\n\n<p>J\u2019ai parcouru le cercle de ma vie en renouvelant les autres hommes\u00a0; et ainsi en touchant la figure de l\u2019homme qui m\u2019a touch\u00e9, j\u2019ai \u00e9tabli la juste relation. Par mon humanit\u00e9, j\u2019ai li\u00e9 et \u00e9cras\u00e9 la force du diable, mais il ne me conna\u00eetra pleinement que quand je si\u00e9gerai sur mon tr\u00f4ne pour juger, alors il sera totalement confondu.<\/p>\n\n\n\n<h4 class=\"wp-block-heading\">Sainte Hildegarde de Bingen (1098-1179)<\/h4>\n","protected":false},"excerpt":{"rendered":"<p>Je suis la force de la divinit\u00e9 avant le temps et avant tous les si\u00e8cles, je n\u2019ai pas de commencement. Je suis la force par laquelle Dieu a tout fait en discernant et en \u00e9prouvant. Je suis le miroir de la providence de tous et j\u2019ai tonn\u00e9 avec une force immense car je suis le [&hellip;]<\/p>\n","protected":false},"author":2,"featured_media":0,"comment_status":"closed","ping_status":"closed","sticky":false,"template":"","format":"standard","meta":{"footnotes":""},"categories":[28],"tags":[269,1287],"class_list":["post-26359","post","type-post","status-publish","format-standard","hentry","category-saints-et-saintes","tag-creation","tag-ste-hildegarde-de-bingen"],"_links":{"self":[{"href":"https:\/\/www.associationdemarie.org\/blog\/wp-json\/wp\/v2\/posts\/26359","targetHints":{"allow":["GET"]}}],"collection":[{"href":"https:\/\/www.associationdemarie.org\/blog\/wp-json\/wp\/v2\/posts"}],"about":[{"href":"https:\/\/www.associationdemarie.org\/blog\/wp-json\/wp\/v2\/types\/post"}],"author":[{"embeddable":true,"href":"https:\/\/www.associationdemarie.org\/blog\/wp-json\/wp\/v2\/users\/2"}],"replies":[{"embeddable":true,"href":"https:\/\/www.associationdemarie.org\/blog\/wp-json\/wp\/v2\/comments?post=26359"}],"version-history":[{"count":1,"href":"https:\/\/www.associationdemarie.org\/blog\/wp-json\/wp\/v2\/posts\/26359\/revisions"}],"predecessor-version":[{"id":26361,"href":"https:\/\/www.associationdemarie.org\/blog\/wp-json\/wp\/v2\/posts\/26359\/revisions\/26361"}],"wp:attachment":[{"href":"https:\/\/www.associationdemarie.org\/blog\/wp-json\/wp\/v2\/media?parent=26359"}],"wp:term":[{"taxonomy":"category","embeddable":true,"href":"https:\/\/www.associationdemarie.org\/blog\/wp-json\/wp\/v2\/categories?post=26359"},{"taxonomy":"post_tag","embeddable":true,"href":"https:\/\/www.associationdemarie.org\/blog\/wp-json\/wp\/v2\/tags?post=26359"}],"curies":[{"name":"wp","href":"https:\/\/api.w.org\/{rel}","templated":true}]}}