{"id":26307,"date":"2026-01-11T01:05:57","date_gmt":"2026-01-11T00:05:57","guid":{"rendered":"http:\/\/www.associationdemarie.org\/blog\/?p=26307"},"modified":"2025-12-28T09:08:44","modified_gmt":"2025-12-28T08:08:44","slug":"fete-du-bapteme-de-notre-seigneur-8","status":"publish","type":"post","link":"https:\/\/www.associationdemarie.org\/blog\/fete-du-bapteme-de-notre-seigneur-8\/","title":{"rendered":"F\u00eate du Bapt\u00eame de Notre Seigneur"},"content":{"rendered":"\n<figure class=\"wp-block-image\"><img loading=\"lazy\" decoding=\"async\" width=\"479\" height=\"442\" src=\"https:\/\/www.associationdemarie.org\/blog\/wp-content\/uploads\/2025\/12\/11-01.jpg\" alt=\"\" class=\"wp-image-26308\" srcset=\"https:\/\/www.associationdemarie.org\/blog\/wp-content\/uploads\/2025\/12\/11-01.jpg 479w, https:\/\/www.associationdemarie.org\/blog\/wp-content\/uploads\/2025\/12\/11-01-300x277.jpg 300w\" sizes=\"auto, (max-width: 479px) 100vw, 479px\" \/><\/figure>\n\n\n\n<p>Le P\u00e8re c\u00e9leste s\u2019est charg\u00e9 de nous fixer, (\u2026) notre id\u00e9al de saintet\u00e9. Il nous a pr\u00e9destin\u00e9s \u00e0 devenir semblables, non \u00e0 une cr\u00e9ature quelconque, ni \u00e0 un ange, mais \u00e0 son Fils, (\u2026). Saint Paul nous r\u00e9v\u00e8le cette pens\u00e9e du P\u00e8re quand il dit\u00a0: \u00ab\u00a0Il les a pr\u00e9destin\u00e9s \u00e0 \u00eatre semblables \u00e0 l\u2019image de son Fils\u00a0\u00bb (Rm 8,29). Dieu nous assigne un mod\u00e8le divin de perfection. Il d\u00e9sire retrouver en nous les traits de son Fils incarn\u00e9, et, par l\u00e0 m\u00eame, voir notre \u00e2me resplendir du reflet de sa saintet\u00e9 \u00e0 lui. (\u2026)<\/p>\n\n\n\n<p> Si Dieu, oc\u00e9an de perfection, est incompr\u00e9hensible pour toute intelligence cr\u00e9\u00e9e, lui-m\u00eame saisit d\u2019un coup, en son infinit\u00e9, la pl\u00e9nitude des ses grandeurs\u00a0; il exprime sa connaissance dans une pens\u00e9e, dans une parole unique, son Verbe. \u00c0 ce Verbe, il communique toute sa vie divine, toute sa lumi\u00e8re, tout ce qu\u2019il est. Cette g\u00e9n\u00e9ration au sein du P\u00e8re, \u00e9tant la vie m\u00eame de Dieu, n\u2019a jamais commenc\u00e9 et ne finira jamais. En ce moment o\u00f9 je vous parle, le P\u00e8re, dans une exultation infinie, dit \u00e0 son Fils\u00a0: \u00ab\u00a0Vous \u00eates mon Fils\u00a0; aujourd\u2019hui \u2012 c&rsquo;est-\u00e0-dire dans un pr\u00e9sent \u00e9ternel, \u2012 je vous engendre\u00a0\u00bb (Ps 2,7). Ce Fils, le P\u00e8re nous l\u2019a donn\u00e9 pour mod\u00e8le et source de toute saintet\u00e9. \u00ab\u00a0En lui r\u00e9sident tous les tr\u00e9sors de la sagesse et de la science de Dieu\u00a0\u00bb (Col 2,3). Une \u00e9ternit\u00e9 de contemplation ne suffira pas \u00e0 \u00e9puiser la connaissance de ce myst\u00e8re et \u00e0 remercier Dieu de ce bienfait. (\u2026)<\/p>\n\n\n\n<p>Si, comme l\u2019\u00e9crit saint Thomas d\u2019Aquin, \u00ab\u00a0la filiation naturelle et \u00e9ternelle du Verbe dans le sein du P\u00e8re est l\u2019exemplaire sublime de notre filiation adoptive\u00a0\u00bb (Sermo, XXXI, 3), la saintet\u00e9 propre \u00e0 l\u2019humanit\u00e9 du vrai Fils unique de Dieu devra, elle aussi, servir de mod\u00e8le \u00e0 la saintet\u00e9 des fils d\u2019adoption.<\/p>\n\n\n\n<h4 class=\"wp-block-heading\">Bienheureux Columba Marmion (1858-1923)<\/h4>\n","protected":false},"excerpt":{"rendered":"<p>Le P\u00e8re c\u00e9leste s\u2019est charg\u00e9 de nous fixer, (\u2026) notre id\u00e9al de saintet\u00e9. Il nous a pr\u00e9destin\u00e9s \u00e0 devenir semblables, non \u00e0 une cr\u00e9ature quelconque, ni \u00e0 un ange, mais \u00e0 son Fils, (\u2026). Saint Paul nous r\u00e9v\u00e8le cette pens\u00e9e du P\u00e8re quand il dit\u00a0: \u00ab\u00a0Il les a pr\u00e9destin\u00e9s \u00e0 \u00eatre semblables \u00e0 l\u2019image de [&hellip;]<\/p>\n","protected":false},"author":2,"featured_media":0,"comment_status":"closed","ping_status":"closed","sticky":false,"template":"","format":"standard","meta":{"footnotes":""},"categories":[13,1261],"tags":[131,1464,536,1042],"class_list":["post-26307","post","type-post","status-publish","format-standard","hentry","category-ecritures","category-enseignement-2","tag-bapteme","tag-bienheureux-columba-marmion","tag-jesus-christ","tag-st-jean-baptiste"],"_links":{"self":[{"href":"https:\/\/www.associationdemarie.org\/blog\/wp-json\/wp\/v2\/posts\/26307","targetHints":{"allow":["GET"]}}],"collection":[{"href":"https:\/\/www.associationdemarie.org\/blog\/wp-json\/wp\/v2\/posts"}],"about":[{"href":"https:\/\/www.associationdemarie.org\/blog\/wp-json\/wp\/v2\/types\/post"}],"author":[{"embeddable":true,"href":"https:\/\/www.associationdemarie.org\/blog\/wp-json\/wp\/v2\/users\/2"}],"replies":[{"embeddable":true,"href":"https:\/\/www.associationdemarie.org\/blog\/wp-json\/wp\/v2\/comments?post=26307"}],"version-history":[{"count":1,"href":"https:\/\/www.associationdemarie.org\/blog\/wp-json\/wp\/v2\/posts\/26307\/revisions"}],"predecessor-version":[{"id":26309,"href":"https:\/\/www.associationdemarie.org\/blog\/wp-json\/wp\/v2\/posts\/26307\/revisions\/26309"}],"wp:attachment":[{"href":"https:\/\/www.associationdemarie.org\/blog\/wp-json\/wp\/v2\/media?parent=26307"}],"wp:term":[{"taxonomy":"category","embeddable":true,"href":"https:\/\/www.associationdemarie.org\/blog\/wp-json\/wp\/v2\/categories?post=26307"},{"taxonomy":"post_tag","embeddable":true,"href":"https:\/\/www.associationdemarie.org\/blog\/wp-json\/wp\/v2\/tags?post=26307"}],"curies":[{"name":"wp","href":"https:\/\/api.w.org\/{rel}","templated":true}]}}