{"id":26301,"date":"2026-01-09T01:09:50","date_gmt":"2026-01-09T00:09:50","guid":{"rendered":"http:\/\/www.associationdemarie.org\/blog\/?p=26301"},"modified":"2025-12-26T14:13:29","modified_gmt":"2025-12-26T13:13:29","slug":"si-tu-le-veux-tu-peux-2","status":"publish","type":"post","link":"https:\/\/www.associationdemarie.org\/blog\/si-tu-le-veux-tu-peux-2\/","title":{"rendered":"\u00ab Si tu le veux, tu peux. \u00bb"},"content":{"rendered":"\n<figure class=\"wp-block-image\"><img loading=\"lazy\" decoding=\"async\" width=\"680\" height=\"407\" src=\"https:\/\/www.associationdemarie.org\/blog\/wp-content\/uploads\/2025\/12\/9-01-situleveux.jpeg\" alt=\"\" class=\"wp-image-26302\" srcset=\"https:\/\/www.associationdemarie.org\/blog\/wp-content\/uploads\/2025\/12\/9-01-situleveux.jpeg 680w, https:\/\/www.associationdemarie.org\/blog\/wp-content\/uploads\/2025\/12\/9-01-situleveux-300x180.jpeg 300w\" sizes=\"auto, (max-width: 680px) 100vw, 680px\" \/><\/figure>\n\n\n\n<p>Mon tendre ma\u00eetre, tu es bien l&rsquo;ami v\u00e9ritable\u00a0! \u00c9tant tout-puissant, ce que tu veux, tu le peux. Et jamais tu ne manques de vouloir, envers ceux qui t&rsquo;aiment. Que tout ce qui est ici-bas te loue, Seigneur\u00a0! Comment faire retentir ma voix dans tout l&rsquo;univers, pour annoncer combien tu es fid\u00e8le \u00e0 tes amis\u00a0? Toutes les cr\u00e9atures peuvent nous manquer\u00a0: toi qui en es le ma\u00eetre, tu ne nous manques jamais. <\/p>\n\n\n\n<p>Que tu laisses souffrir peu de temps ceux qui t&rsquo;aiment\u00a0! \u00d4 mon ma\u00eetre, quelle d\u00e9licatesse, quelle attention, quelle tendresse tu montres envers eux\u00a0! Oui, heureux celui qui n&rsquo;a jamais rien aim\u00e9 hors de toi\u00a0! Il est vrai, tu traites tes amis avec rigueur, mais c&rsquo;est, je crois, pour mieux faire \u00e9clater dans l&rsquo;exc\u00e8s de la souffrance, l&rsquo;exc\u00e8s plus grand encore de ton amour. Mon Dieu, que n&rsquo;ai-je de l&rsquo;intelligence, du talent, que n&rsquo;ai-je un langage nouveau, pour parler de tes \u0153uvres telles que mon \u00e2me les con\u00e7oit\u00a0! Tout me fait d\u00e9faut, mon Seigneur. Mais pourvu que tu ne m&rsquo;abandonnes pas, moi je ne t&rsquo;abandonnerai jamais&#8230; <\/p>\n\n\n\n<p>Je sais par exp\u00e9rience avec quels avantages tu fais sortir de l&rsquo;\u00e9preuve ceux qui ne mettent qu&rsquo;en toi leur confiance. Tandis que j&rsquo;\u00e9tais dans [une] affliction am\u00e8re&#8230;, ces seules paroles que j&rsquo;ai entendues&#8230; ont suffi pour dissiper ma peine et me mettre dans une tranquillit\u00e9 parfaite\u00a0: \u00ab\u00a0Ne crains rien, ma fille\u00a0; c&rsquo;est moi, je ne t&rsquo;abandonnerai pas. Ne crains rien\u00a0\u00bb&#8230; Et voici qu&rsquo;\u00e0 ces seules paroles, le calme se fait en moi, je me trouve forte, courageuse, rassur\u00e9e\u00a0; je sens rena\u00eetre la paix et la lumi\u00e8re. En un instant mon \u00e2me est transform\u00e9e.<\/p>\n\n\n\n<h4 class=\"wp-block-heading\">Sainte Th\u00e9r\u00e8se d&rsquo;Avila (1515-1582)<\/h4>\n","protected":false},"excerpt":{"rendered":"<p>Mon tendre ma\u00eetre, tu es bien l&rsquo;ami v\u00e9ritable\u00a0! \u00c9tant tout-puissant, ce que tu veux, tu le peux. Et jamais tu ne manques de vouloir, envers ceux qui t&rsquo;aiment. Que tout ce qui est ici-bas te loue, Seigneur\u00a0! Comment faire retentir ma voix dans tout l&rsquo;univers, pour annoncer combien tu es fid\u00e8le \u00e0 tes amis\u00a0? Toutes [&hellip;]<\/p>\n","protected":false},"author":2,"featured_media":0,"comment_status":"closed","ping_status":"closed","sticky":false,"template":"","format":"standard","meta":{"footnotes":""},"categories":[13,1261],"tags":[1705,1109],"class_list":["post-26301","post","type-post","status-publish","format-standard","hentry","category-ecritures","category-enseignement-2","tag-lepreux","tag-ste-therese-davila"],"_links":{"self":[{"href":"https:\/\/www.associationdemarie.org\/blog\/wp-json\/wp\/v2\/posts\/26301","targetHints":{"allow":["GET"]}}],"collection":[{"href":"https:\/\/www.associationdemarie.org\/blog\/wp-json\/wp\/v2\/posts"}],"about":[{"href":"https:\/\/www.associationdemarie.org\/blog\/wp-json\/wp\/v2\/types\/post"}],"author":[{"embeddable":true,"href":"https:\/\/www.associationdemarie.org\/blog\/wp-json\/wp\/v2\/users\/2"}],"replies":[{"embeddable":true,"href":"https:\/\/www.associationdemarie.org\/blog\/wp-json\/wp\/v2\/comments?post=26301"}],"version-history":[{"count":1,"href":"https:\/\/www.associationdemarie.org\/blog\/wp-json\/wp\/v2\/posts\/26301\/revisions"}],"predecessor-version":[{"id":26303,"href":"https:\/\/www.associationdemarie.org\/blog\/wp-json\/wp\/v2\/posts\/26301\/revisions\/26303"}],"wp:attachment":[{"href":"https:\/\/www.associationdemarie.org\/blog\/wp-json\/wp\/v2\/media?parent=26301"}],"wp:term":[{"taxonomy":"category","embeddable":true,"href":"https:\/\/www.associationdemarie.org\/blog\/wp-json\/wp\/v2\/categories?post=26301"},{"taxonomy":"post_tag","embeddable":true,"href":"https:\/\/www.associationdemarie.org\/blog\/wp-json\/wp\/v2\/tags?post=26301"}],"curies":[{"name":"wp","href":"https:\/\/api.w.org\/{rel}","templated":true}]}}