{"id":2629,"date":"2011-03-16T01:04:18","date_gmt":"2011-03-16T01:04:18","guid":{"rendered":"http:\/\/preprod.meltem-int.com\/marie\/blog\/?p=2629"},"modified":"2011-03-16T01:04:18","modified_gmt":"2011-03-16T01:04:18","slug":"sixieme-jour","status":"publish","type":"post","link":"https:\/\/www.associationdemarie.org\/blog\/sixieme-jour\/","title":{"rendered":"Sixi\u00e8me jour"},"content":{"rendered":"<p><strong>6\u00e8me jour : Saint Joseph, mod\u00e8le des priants.<\/strong><\/p>\n<p><strong><a href=\"https:\/\/www.associationdemarie.org\/blog\/wp-content\/uploads\/2011\/03\/mary-sorrow1.jpg\"><img loading=\"lazy\" decoding=\"async\" class=\"aligncenter size-medium wp-image-2630\" title=\"Temple\" src=\"https:\/\/www.associationdemarie.org\/blog\/wp-content\/uploads\/2011\/03\/mary-sorrow1-240x300.jpg\" alt=\"\" width=\"240\" height=\"300\" srcset=\"https:\/\/www.associationdemarie.org\/blog\/wp-content\/uploads\/2011\/03\/mary-sorrow1-240x300.jpg 240w, https:\/\/www.associationdemarie.org\/blog\/wp-content\/uploads\/2011\/03\/mary-sorrow1.jpg 400w\" sizes=\"auto, (max-width: 240px) 100vw, 240px\" \/><\/a><br \/>\n<\/strong><\/p>\n<p>Avec Joseph, mod\u00e8le des priants, Seigneur, nous t\u2019en prions : fais-nous d\u00e9couvrir les paroles de louange qui glorifient le seul vrai Dieu de qui viennent toute sagesse et toute saintet\u00e9.<\/p>\n<p>\u00d4 Saint Joseph, en d\u00e9pit de tous les bruits de ce monde, apprends-nous \u00e0 prier avec le c\u0153ur et donne-nous d\u2019aimer ces moments pr\u00e9cieux o\u00f9 nous invitons Dieu \u00e0 partager notre vie.<\/p>\n<p>Notre P\u00e8re\u2026?Je vous salue Marie\u2026?Gloire au P\u00e8re\u2026<\/p>\n<p>\u00d4 Joseph, p\u00e8re virginal de J\u00e9sus, tr\u00e8s pur \u00e9poux ?de la Vierge Marie, chaque jour, prie pour nous J\u00e9sus ?lui-m\u00eame, le Fils de Dieu, afin que, fortifi\u00e9 par sa gr\u00e2ce,? nous puissions lutter comme il convient dans la vie, et? \u00eatre couronn\u00e9s par lui dans la mort.<\/p>\n<p>J\u00e9sus, Marie, Joseph, je vous confie mon c\u0153ur et? mon \u00e2me ! ?J\u00e9sus, Marie, Joseph, assistez-moi jusqu\u2019\u00e0 mon dernier? soupir !? J\u00e9sus, Marie, Joseph, que mon \u00e2me puisse partir en paix ?vers vous !<\/p>\n","protected":false},"excerpt":{"rendered":"<p>6\u00e8me jour : Saint Joseph, mod\u00e8le des priants. Avec Joseph, mod\u00e8le des priants, Seigneur, nous t\u2019en prions : fais-nous d\u00e9couvrir les paroles de louange qui glorifient le seul vrai Dieu de qui viennent toute sagesse et toute saintet\u00e9. \u00d4 Saint Joseph, en d\u00e9pit de tous les bruits de ce monde, apprends-nous \u00e0 prier avec le [&hellip;]<\/p>\n","protected":false},"author":2,"featured_media":0,"comment_status":"closed","ping_status":"closed","sticky":false,"template":"","format":"standard","meta":{"footnotes":""},"categories":[14,23,27,28],"tags":[535,636,757,828,920,944,967,1049],"class_list":["post-2629","post","type-post","status-publish","format-standard","hentry","category-groupe-prieres","category-neuvaine-a-st-joseph","category-prieres","category-saints-et-saintes","tag-jesus","tag-marie","tag-paix","tag-priants","tag-sagesse","tag-saintete","tag-seigneur","tag-st-joseph"],"_links":{"self":[{"href":"https:\/\/www.associationdemarie.org\/blog\/wp-json\/wp\/v2\/posts\/2629","targetHints":{"allow":["GET"]}}],"collection":[{"href":"https:\/\/www.associationdemarie.org\/blog\/wp-json\/wp\/v2\/posts"}],"about":[{"href":"https:\/\/www.associationdemarie.org\/blog\/wp-json\/wp\/v2\/types\/post"}],"author":[{"embeddable":true,"href":"https:\/\/www.associationdemarie.org\/blog\/wp-json\/wp\/v2\/users\/2"}],"replies":[{"embeddable":true,"href":"https:\/\/www.associationdemarie.org\/blog\/wp-json\/wp\/v2\/comments?post=2629"}],"version-history":[{"count":0,"href":"https:\/\/www.associationdemarie.org\/blog\/wp-json\/wp\/v2\/posts\/2629\/revisions"}],"wp:attachment":[{"href":"https:\/\/www.associationdemarie.org\/blog\/wp-json\/wp\/v2\/media?parent=2629"}],"wp:term":[{"taxonomy":"category","embeddable":true,"href":"https:\/\/www.associationdemarie.org\/blog\/wp-json\/wp\/v2\/categories?post=2629"},{"taxonomy":"post_tag","embeddable":true,"href":"https:\/\/www.associationdemarie.org\/blog\/wp-json\/wp\/v2\/tags?post=2629"}],"curies":[{"name":"wp","href":"https:\/\/api.w.org\/{rel}","templated":true}]}}