{"id":26289,"date":"2026-01-05T01:20:01","date_gmt":"2026-01-05T00:20:01","guid":{"rendered":"http:\/\/www.associationdemarie.org\/blog\/?p=26289"},"modified":"2025-12-22T08:22:05","modified_gmt":"2025-12-22T07:22:05","slug":"le-peuple-qui-habitait-dans-les-tenebres-a-vu-paraitre-une-grande-lumiere-4","status":"publish","type":"post","link":"https:\/\/www.associationdemarie.org\/blog\/le-peuple-qui-habitait-dans-les-tenebres-a-vu-paraitre-une-grande-lumiere-4\/","title":{"rendered":"\u00ab Le peuple qui habitait dans les t\u00e9n\u00e8bres a vu para\u00eetre une grande lumi\u00e8re. \u00bb"},"content":{"rendered":"\n<figure class=\"wp-block-image\"><img loading=\"lazy\" decoding=\"async\" width=\"579\" height=\"362\" src=\"https:\/\/www.associationdemarie.org\/blog\/wp-content\/uploads\/2025\/12\/5-01.jpg\" alt=\"\" class=\"wp-image-26290\" srcset=\"https:\/\/www.associationdemarie.org\/blog\/wp-content\/uploads\/2025\/12\/5-01.jpg 579w, https:\/\/www.associationdemarie.org\/blog\/wp-content\/uploads\/2025\/12\/5-01-300x188.jpg 300w\" sizes=\"auto, (max-width: 579px) 100vw, 579px\" \/><\/figure>\n\n\n\n<p>J\u00e9sus, notre Seigneur, le Christ,<\/p>\n\n\n\n<p>nous est apparu du sein de son P\u00e8re.<\/p>\n\n\n\n<p>Il est venu et nous a tir\u00e9s des t\u00e9n\u00e8bres<\/p>\n\n\n\n<p>et nous a illumin\u00e9s de sa joyeuse lumi\u00e8re. <\/p>\n\n\n\n<p>Le jour s&rsquo;est lev\u00e9 pour les hommes ;<\/p>\n\n\n\n<p>la puissance des t\u00e9n\u00e8bres est chass\u00e9e.<\/p>\n\n\n\n<p>De sa lumi\u00e8re s&rsquo;est lev\u00e9e pour nous une lumi\u00e8re<\/p>\n\n\n\n<p>qui a \u00e9clair\u00e9 nos yeux obscurcis.<\/p>\n\n\n\n<p>Il a fait lever sa gloire sur le monde<\/p>\n\n\n\n<p>et a \u00e9clair\u00e9 les plus profonds ab\u00eemes.<\/p>\n\n\n\n<p>La mort est an\u00e9antie, les t\u00e9n\u00e8bres ont pris fin, <\/p>\n\n\n\n<p>les portes de l&rsquo;enfer sont en pi\u00e8ces.<\/p>\n\n\n\n<p>Il a illumin\u00e9 toutes les cr\u00e9atures, <\/p>\n\n\n\n<p>t\u00e9n\u00e8bres depuis les temps anciens.<\/p>\n\n\n\n<p>Il a r\u00e9alis\u00e9 le salut et nous a donn\u00e9 la vie ;<\/p>\n\n\n\n<p>ensuite il viendra dans la gloire <\/p>\n\n\n\n<p>et il \u00e9clairera les yeux de tous ceux qui l&rsquo;auront attendu.<\/p>\n\n\n\n<p>Notre Roi vient dans sa grande gloire :<\/p>\n\n\n\n<p>allumons nos lampes, sortons \u00e0 sa rencontre (Mt 25,6); <\/p>\n\n\n\n<p>r\u00e9jouissons-nous en lui comme il s&rsquo;est r\u00e9joui en nous<\/p>\n\n\n\n<p>et nous r\u00e9jouit par sa glorieuse lumi\u00e8re.<\/p>\n\n\n\n<p>Mes fr\u00e8res, levez-vous, pr\u00e9parez-vous<\/p>\n\n\n\n<p>pour rendre gr\u00e2ce \u00e0 notre Roi et Sauveur<\/p>\n\n\n\n<p>qui viendra dans sa gloire et nous r\u00e9jouira<\/p>\n\n\n\n<p>de sa joyeuse lumi\u00e8re dans le Royaume. <\/p>\n\n\n\n<h4 class=\"wp-block-heading\">Saint \u00c9phrem (v. 306-373)<\/h4>\n","protected":false},"excerpt":{"rendered":"<p>J\u00e9sus, notre Seigneur, le Christ, nous est apparu du sein de son P\u00e8re. Il est venu et nous a tir\u00e9s des t\u00e9n\u00e8bres et nous a illumin\u00e9s de sa joyeuse lumi\u00e8re. Le jour s&rsquo;est lev\u00e9 pour les hommes ; la puissance des t\u00e9n\u00e8bres est chass\u00e9e. De sa lumi\u00e8re s&rsquo;est lev\u00e9e pour nous une lumi\u00e8re qui a [&hellip;]<\/p>\n","protected":false},"author":2,"featured_media":0,"comment_status":"closed","ping_status":"closed","sticky":false,"template":"","format":"standard","meta":{"footnotes":""},"categories":[28],"tags":[600,1028],"class_list":["post-26289","post","type-post","status-publish","format-standard","hentry","category-saints-et-saintes","tag-lumiere","tag-st-ephrem"],"_links":{"self":[{"href":"https:\/\/www.associationdemarie.org\/blog\/wp-json\/wp\/v2\/posts\/26289","targetHints":{"allow":["GET"]}}],"collection":[{"href":"https:\/\/www.associationdemarie.org\/blog\/wp-json\/wp\/v2\/posts"}],"about":[{"href":"https:\/\/www.associationdemarie.org\/blog\/wp-json\/wp\/v2\/types\/post"}],"author":[{"embeddable":true,"href":"https:\/\/www.associationdemarie.org\/blog\/wp-json\/wp\/v2\/users\/2"}],"replies":[{"embeddable":true,"href":"https:\/\/www.associationdemarie.org\/blog\/wp-json\/wp\/v2\/comments?post=26289"}],"version-history":[{"count":1,"href":"https:\/\/www.associationdemarie.org\/blog\/wp-json\/wp\/v2\/posts\/26289\/revisions"}],"predecessor-version":[{"id":26291,"href":"https:\/\/www.associationdemarie.org\/blog\/wp-json\/wp\/v2\/posts\/26289\/revisions\/26291"}],"wp:attachment":[{"href":"https:\/\/www.associationdemarie.org\/blog\/wp-json\/wp\/v2\/media?parent=26289"}],"wp:term":[{"taxonomy":"category","embeddable":true,"href":"https:\/\/www.associationdemarie.org\/blog\/wp-json\/wp\/v2\/categories?post=26289"},{"taxonomy":"post_tag","embeddable":true,"href":"https:\/\/www.associationdemarie.org\/blog\/wp-json\/wp\/v2\/tags?post=26289"}],"curies":[{"name":"wp","href":"https:\/\/api.w.org\/{rel}","templated":true}]}}