{"id":26277,"date":"2026-01-01T01:15:14","date_gmt":"2026-01-01T00:15:14","guid":{"rendered":"http:\/\/www.associationdemarie.org\/blog\/?p=26277"},"modified":"2025-12-18T07:17:14","modified_gmt":"2025-12-18T06:17:14","slug":"solennite-de-sainte-marie-mere-de-dieu-11","status":"publish","type":"post","link":"https:\/\/www.associationdemarie.org\/blog\/solennite-de-sainte-marie-mere-de-dieu-11\/","title":{"rendered":"Solennit\u00e9 de Sainte Marie, M\u00e8re de Dieu"},"content":{"rendered":"\n<figure class=\"wp-block-image\"><img loading=\"lazy\" decoding=\"async\" width=\"641\" height=\"466\" src=\"https:\/\/www.associationdemarie.org\/blog\/wp-content\/uploads\/2025\/12\/1-01-Marie-mere-de-Dieu.jpg\" alt=\"\" class=\"wp-image-26278\" srcset=\"https:\/\/www.associationdemarie.org\/blog\/wp-content\/uploads\/2025\/12\/1-01-Marie-mere-de-Dieu.jpg 641w, https:\/\/www.associationdemarie.org\/blog\/wp-content\/uploads\/2025\/12\/1-01-Marie-mere-de-Dieu-300x218.jpg 300w\" sizes=\"auto, (max-width: 641px) 100vw, 641px\" \/><figcaption>OLYMPUS DIGITAL CAMERA<\/figcaption><\/figure>\n\n\n\n<p>Si l\u2019Ap\u00f4tre, serviteur du Christ, continue de mettre au monde ses enfants par sa sollicitude et son ardent d\u00e9sir jusqu\u2019\u00e0 ce que le Christ soit form\u00e9 en eux (cf. Ga 4,19), combien plus cela est-il vrai de la propre m\u00e8re du Christ\u00a0! Paul les a engendr\u00e9s en pr\u00eachant la Parole qui les r\u00e9g\u00e9n\u00e9rait\u00a0; Marie l\u2019a fait de fa\u00e7on bien plus sainte et plus divine en engendrant la Parole elle-m\u00eame. Je loue en Paul le myst\u00e8re de la pr\u00e9dication, mais j\u2019admire et je v\u00e9n\u00e8re davantage en Marie le myst\u00e8re de la g\u00e9n\u00e9ration.<\/p>\n\n\n\n<p>Voyez si de leur c\u00f4t\u00e9 les fils ne reconnaissent pas leur m\u00e8re. Pouss\u00e9s par une sorte d\u2019instinct naturel inspir\u00e9 par la foi, ils recourent spontan\u00e9ment et irr\u00e9sistiblement \u00e0 l\u2019invocation de son nom en toutes n\u00e9cessit\u00e9s et dans tous les dangers, comme des enfants se jettent dans les bras de leur m\u00e8re.<\/p>\n\n\n\n<p>Aussi je ne crois pas absurde de penser que c\u2019est bien de ces enfants-l\u00e0 que parle le proph\u00e8te quand il fait cette promesse\u00a0: \u00ab\u00a0Tes fils habiteront en toi\u00a0\u00bb (Is 62,5\u00a0; LXX)\u00a0; sans perdre de vue que cette proph\u00e9tie s\u2019applique principalement \u00e0 l\u2019\u00c9glise. Car d\u00e8s maintenant nous habitons \u00e0 l\u2019abri de la m\u00e8re du Tr\u00e8s-Haut, nous reposons sous sa protection et comme \u00e0 l\u2019ombre de ses ailes. Plus tard nous partagerons sa gloire, et nous serons comme r\u00e9chauff\u00e9s en son sein. Alors retentira ce cri unanime des enfants acclamant leur m\u00e8re\u00a0: \u00ab\u00a0Nous tous qui sommes dans la joie, notre demeure est en toi\u00a0\u00bb (cf. Ps 86,7\u00a0; LXX).<\/p>\n\n\n\n<h4 class=\"wp-block-heading\">Bienheureux Guerric d&rsquo;Igny (v. 1080-1157)<\/h4>\n","protected":false},"excerpt":{"rendered":"<p>Si l\u2019Ap\u00f4tre, serviteur du Christ, continue de mettre au monde ses enfants par sa sollicitude et son ardent d\u00e9sir jusqu\u2019\u00e0 ce que le Christ soit form\u00e9 en eux (cf. Ga 4,19), combien plus cela est-il vrai de la propre m\u00e8re du Christ\u00a0! Paul les a engendr\u00e9s en pr\u00eachant la Parole qui les r\u00e9g\u00e9n\u00e9rait\u00a0; Marie l\u2019a [&hellip;]<\/p>\n","protected":false},"author":2,"featured_media":0,"comment_status":"closed","ping_status":"closed","sticky":false,"template":"","format":"standard","meta":{"footnotes":""},"categories":[3,28],"tags":[155,1189],"class_list":["post-26277","post","type-post","status-publish","format-standard","hentry","category-liturgique","category-saints-et-saintes","tag-bienheureux-guerric-digny","tag-vierge-marie"],"_links":{"self":[{"href":"https:\/\/www.associationdemarie.org\/blog\/wp-json\/wp\/v2\/posts\/26277","targetHints":{"allow":["GET"]}}],"collection":[{"href":"https:\/\/www.associationdemarie.org\/blog\/wp-json\/wp\/v2\/posts"}],"about":[{"href":"https:\/\/www.associationdemarie.org\/blog\/wp-json\/wp\/v2\/types\/post"}],"author":[{"embeddable":true,"href":"https:\/\/www.associationdemarie.org\/blog\/wp-json\/wp\/v2\/users\/2"}],"replies":[{"embeddable":true,"href":"https:\/\/www.associationdemarie.org\/blog\/wp-json\/wp\/v2\/comments?post=26277"}],"version-history":[{"count":1,"href":"https:\/\/www.associationdemarie.org\/blog\/wp-json\/wp\/v2\/posts\/26277\/revisions"}],"predecessor-version":[{"id":26279,"href":"https:\/\/www.associationdemarie.org\/blog\/wp-json\/wp\/v2\/posts\/26277\/revisions\/26279"}],"wp:attachment":[{"href":"https:\/\/www.associationdemarie.org\/blog\/wp-json\/wp\/v2\/media?parent=26277"}],"wp:term":[{"taxonomy":"category","embeddable":true,"href":"https:\/\/www.associationdemarie.org\/blog\/wp-json\/wp\/v2\/categories?post=26277"},{"taxonomy":"post_tag","embeddable":true,"href":"https:\/\/www.associationdemarie.org\/blog\/wp-json\/wp\/v2\/tags?post=26277"}],"curies":[{"name":"wp","href":"https:\/\/api.w.org\/{rel}","templated":true}]}}