{"id":26274,"date":"2025-12-31T01:34:30","date_gmt":"2025-12-31T00:34:30","guid":{"rendered":"http:\/\/www.associationdemarie.org\/blog\/?p=26274"},"modified":"2025-12-17T07:37:02","modified_gmt":"2025-12-17T06:37:02","slug":"tous-nous-avons-eu-part-a-sa-plenitude","status":"publish","type":"post","link":"https:\/\/www.associationdemarie.org\/blog\/tous-nous-avons-eu-part-a-sa-plenitude\/","title":{"rendered":"\u00ab Tous nous avons eu part \u00e0 sa pl\u00e9nitude. \u00bb"},"content":{"rendered":"\n<figure class=\"wp-block-image\"><img loading=\"lazy\" decoding=\"async\" width=\"1024\" height=\"1024\" src=\"https:\/\/www.associationdemarie.org\/blog\/wp-content\/uploads\/2025\/12\/31-12-1024x1024.jpg\" alt=\"\" class=\"wp-image-26275\" srcset=\"https:\/\/www.associationdemarie.org\/blog\/wp-content\/uploads\/2025\/12\/31-12-1024x1024.jpg 1024w, https:\/\/www.associationdemarie.org\/blog\/wp-content\/uploads\/2025\/12\/31-12-150x150.jpg 150w, https:\/\/www.associationdemarie.org\/blog\/wp-content\/uploads\/2025\/12\/31-12-300x300.jpg 300w, https:\/\/www.associationdemarie.org\/blog\/wp-content\/uploads\/2025\/12\/31-12-768x768.jpg 768w, https:\/\/www.associationdemarie.org\/blog\/wp-content\/uploads\/2025\/12\/31-12.jpg 1080w\" sizes=\"auto, (max-width: 1024px) 100vw, 1024px\" \/><\/figure>\n\n\n\n<p>    Si tu pr\u00e9tends, toi, reconna\u00eetre [Dieu] \u201cpar la foi\u201d et juges que \u201cpar la foi\u201d tu es fils de Dieu, alors, que l\u2019incarnation de Dieu, elle aussi, soit \u201cpar la foi\u201d\u00a0: ne dis plus qu\u2019Il est \u201cen r\u00e9alit\u00e9\u201d devenu homme ni qu\u2019il a \u00e9t\u00e9 mis au monde de fa\u00e7on sensible\u00a0! Mais s\u2019il est v\u00e9ritablement devenu fils de l\u2019homme, alors c\u2019est en r\u00e9alit\u00e9 qu\u2019il te fait fils de Dieu\u00a0; si ce n\u2019est pas en apparence qu\u2019il est devenu corps, alors nous non plus nous ne devenons pas esprit en id\u00e9e\u00a0; aussi vrai que le Verbe a \u00e9t\u00e9 fait chair, il nous transforme de fa\u00e7on ineffable et nous fait vraiment enfant de Dieu.<\/p>\n\n\n\n<p>Demeurant immuable dans sa divinit\u00e9, le Verbe est devenu homme en assumant la chair\u00a0: conservant l\u2019homme immuable en sa chair et son \u00e2me, il m\u2019a fait tout entier dieu\u00a0; il a assum\u00e9 ma chair condamn\u00e9e et m\u2019a rev\u00eatu de la divinit\u00e9 tout enti\u00e8re, car, baptis\u00e9, j\u2019ai rev\u00eatu le Christ, non de fa\u00e7on sensible, certes, mais spirituelle\u00a0; et comment ne sera-t-il pas dieu par gr\u00e2ce et par adoption, dans le sentiment, la connaissance et la contemplation, celui qui a rev\u00eatu le Fils de Dieu\u00a0?<\/p>\n\n\n\n<p>  Si c\u2019est inconsciemment que le Dieu Verbe est devenu homme, alors, que moi aussi je devienne dieu inconsciemment, il est permis, il est naturel de le supposer\u00a0; mais si c\u2019est sciemment, effectivement et consciemment que Dieu a pris la condition humaine totale, je suis devenu dieu tout entier, par la communion \u00e0 Dieu, sensiblement et sciemment, non par essence mais par participation. De m\u00eame, en effet, que sans changement Dieu est n\u00e9 homme dans un corps et s\u2019est montr\u00e9 \u00e0 tous, de m\u00eame ineffablement, spirituellement, il m\u2019engendre et me fait, demeurant homme, devenir Dieu.<\/p>\n\n\n\n<h4 class=\"wp-block-heading\">Sym\u00e9on le Nouveau Th\u00e9ologien (v. 949-1022)<\/h4>\n","protected":false},"excerpt":{"rendered":"<p>Si tu pr\u00e9tends, toi, reconna\u00eetre [Dieu] \u201cpar la foi\u201d et juges que \u201cpar la foi\u201d tu es fils de Dieu, alors, que l\u2019incarnation de Dieu, elle aussi, soit \u201cpar la foi\u201d\u00a0: ne dis plus qu\u2019Il est \u201cen r\u00e9alit\u00e9\u201d devenu homme ni qu\u2019il a \u00e9t\u00e9 mis au monde de fa\u00e7on sensible\u00a0! Mais s\u2019il est v\u00e9ritablement devenu [&hellip;]<\/p>\n","protected":false},"author":2,"featured_media":0,"comment_status":"closed","ping_status":"closed","sticky":false,"template":"","format":"standard","meta":{"footnotes":""},"categories":[13,1261],"tags":[707,1523,1179],"class_list":["post-26274","post","type-post","status-publish","format-standard","hentry","category-ecritures","category-enseignement-2","tag-nativite","tag-symeon-le-nouveau-theologien","tag-verbe"],"_links":{"self":[{"href":"https:\/\/www.associationdemarie.org\/blog\/wp-json\/wp\/v2\/posts\/26274","targetHints":{"allow":["GET"]}}],"collection":[{"href":"https:\/\/www.associationdemarie.org\/blog\/wp-json\/wp\/v2\/posts"}],"about":[{"href":"https:\/\/www.associationdemarie.org\/blog\/wp-json\/wp\/v2\/types\/post"}],"author":[{"embeddable":true,"href":"https:\/\/www.associationdemarie.org\/blog\/wp-json\/wp\/v2\/users\/2"}],"replies":[{"embeddable":true,"href":"https:\/\/www.associationdemarie.org\/blog\/wp-json\/wp\/v2\/comments?post=26274"}],"version-history":[{"count":1,"href":"https:\/\/www.associationdemarie.org\/blog\/wp-json\/wp\/v2\/posts\/26274\/revisions"}],"predecessor-version":[{"id":26276,"href":"https:\/\/www.associationdemarie.org\/blog\/wp-json\/wp\/v2\/posts\/26274\/revisions\/26276"}],"wp:attachment":[{"href":"https:\/\/www.associationdemarie.org\/blog\/wp-json\/wp\/v2\/media?parent=26274"}],"wp:term":[{"taxonomy":"category","embeddable":true,"href":"https:\/\/www.associationdemarie.org\/blog\/wp-json\/wp\/v2\/categories?post=26274"},{"taxonomy":"post_tag","embeddable":true,"href":"https:\/\/www.associationdemarie.org\/blog\/wp-json\/wp\/v2\/tags?post=26274"}],"curies":[{"name":"wp","href":"https:\/\/api.w.org\/{rel}","templated":true}]}}