{"id":26247,"date":"2025-12-22T01:05:48","date_gmt":"2025-12-22T00:05:48","guid":{"rendered":"http:\/\/www.associationdemarie.org\/blog\/?p=26247"},"modified":"2025-12-08T08:08:46","modified_gmt":"2025-12-08T07:08:46","slug":"il-a-jete-les-yeux-sur-lhumilite-de-sa-servante-lc-148","status":"publish","type":"post","link":"https:\/\/www.associationdemarie.org\/blog\/il-a-jete-les-yeux-sur-lhumilite-de-sa-servante-lc-148\/","title":{"rendered":"\u00ab Il a jet\u00e9 les yeux sur l&rsquo;humilit\u00e9 de sa servante \u00bb (Lc 1,48)"},"content":{"rendered":"\n<figure class=\"wp-block-image\"><img loading=\"lazy\" decoding=\"async\" width=\"1024\" height=\"567\" src=\"https:\/\/www.associationdemarie.org\/blog\/wp-content\/uploads\/2025\/12\/22-12-Humble-Servante-1024x567.png\" alt=\"\" class=\"wp-image-26248\" srcset=\"https:\/\/www.associationdemarie.org\/blog\/wp-content\/uploads\/2025\/12\/22-12-Humble-Servante-1024x567.png 1024w, https:\/\/www.associationdemarie.org\/blog\/wp-content\/uploads\/2025\/12\/22-12-Humble-Servante-300x166.png 300w, https:\/\/www.associationdemarie.org\/blog\/wp-content\/uploads\/2025\/12\/22-12-Humble-Servante-768x425.png 768w, https:\/\/www.associationdemarie.org\/blog\/wp-content\/uploads\/2025\/12\/22-12-Humble-Servante.png 1344w\" sizes=\"auto, (max-width: 1024px) 100vw, 1024px\" \/><\/figure>\n\n\n\n<p>La conception de notre Seigneur a \u00e9t\u00e9 figur\u00e9e par le buisson ardent qui br\u00fblait sans perdre sa verdeur (Ex 3,2), comme Marie a con\u00e7u son divin fils sans perdre sa virginit\u00e9. Le Seigneur, qui demeurait dans ce buisson ardent, a habit\u00e9 aussi dans le sein de Marie. De m\u00eame qu&rsquo;il \u00e9tait descendu dans ce buisson pour d\u00e9livrer son peuple en le tirant de l&rsquo;\u00c9gypte, de m\u00eame il est descendu en Marie pour racheter les hommes, en les arrachant \u00e0 l&rsquo;enfer.<\/p>\n\n\n\n<p>Le choix que Dieu a fait de Marie parmi toutes les femmes pour se rev\u00eatir de notre chair, a \u00e9t\u00e9 figur\u00e9 par la toison de G\u00e9d\u00e9on (Jg 6,36s). En effet, de m\u00eame que cette toison a re\u00e7u seule la ros\u00e9e c\u00e9leste pendant que toutes les terres voisines restaient s\u00e8ches, de m\u00eame aussi Marie seule a \u00e9t\u00e9 remplie de cette ros\u00e9e divine dont aucune autre cr\u00e9ature n&rsquo;a \u00e9t\u00e9 trouv\u00e9e digne dans le monde entier&#8230; La Vierge Marie est cette toison dont J\u00e9sus Christ s&rsquo;est form\u00e9 une tunique. La toison de G\u00e9d\u00e9on a re\u00e7u la ros\u00e9e du ciel sans qu&rsquo;elle soit endommag\u00e9e, et Marie a con\u00e7u l&rsquo;Homme-Dieu sans que sa virginit\u00e9 soit alt\u00e9r\u00e9e&#8230;<\/p>\n\n\n\n<p>\u00d4 J\u00e9sus, Fils du Dieu vivant, toi qui, par la volont\u00e9 du P\u00e8re c\u00e9leste et avec la coop\u00e9ration de l&rsquo;Esprit Saint, es sorti du sein de ton P\u00e8re comme le fleuve sourd hors du Paradis de d\u00e9lices, toi qui, visitant les profondeurs de nos vall\u00e9es et regardant l&rsquo;humilit\u00e9 de ta servante, es descendu dans le sein d&rsquo;une vierge o\u00f9, par une conception ineffable, tu as rev\u00eatu ta chair mortelle. Je te supplie, J\u00e9sus mis\u00e9ricordieux, par les m\u00e9rites de cette Vierge ta m\u00e8re, de r\u00e9pandre ta gr\u00e2ce sur moi, serviteur tr\u00e8s indigne, afin que je te d\u00e9sire ardemment, que par cet amour, je te con\u00e7oive en mon c\u0153ur, et qu&rsquo;avec le secours de cette m\u00eame gr\u00e2ce, je produis les fruits salutaires des bonnes \u0153uvres. Amen.<\/p>\n\n\n\n<h4 class=\"wp-block-heading\">Ludolphe de Saxe (v. 1300-1378)<\/h4>\n","protected":false},"excerpt":{"rendered":"<p>La conception de notre Seigneur a \u00e9t\u00e9 figur\u00e9e par le buisson ardent qui br\u00fblait sans perdre sa verdeur (Ex 3,2), comme Marie a con\u00e7u son divin fils sans perdre sa virginit\u00e9. Le Seigneur, qui demeurait dans ce buisson ardent, a habit\u00e9 aussi dans le sein de Marie. De m\u00eame qu&rsquo;il \u00e9tait descendu dans ce buisson [&hellip;]<\/p>\n","protected":false},"author":2,"featured_media":0,"comment_status":"closed","ping_status":"closed","sticky":false,"template":"","format":"standard","meta":{"footnotes":""},"categories":[26,28],"tags":[127,487,1630,1189],"class_list":["post-26247","post","type-post","status-publish","format-standard","hentry","category-priere-des-ames","category-saints-et-saintes","tag-avent","tag-humilite","tag-ludolphe-de-saxe","tag-vierge-marie"],"_links":{"self":[{"href":"https:\/\/www.associationdemarie.org\/blog\/wp-json\/wp\/v2\/posts\/26247","targetHints":{"allow":["GET"]}}],"collection":[{"href":"https:\/\/www.associationdemarie.org\/blog\/wp-json\/wp\/v2\/posts"}],"about":[{"href":"https:\/\/www.associationdemarie.org\/blog\/wp-json\/wp\/v2\/types\/post"}],"author":[{"embeddable":true,"href":"https:\/\/www.associationdemarie.org\/blog\/wp-json\/wp\/v2\/users\/2"}],"replies":[{"embeddable":true,"href":"https:\/\/www.associationdemarie.org\/blog\/wp-json\/wp\/v2\/comments?post=26247"}],"version-history":[{"count":1,"href":"https:\/\/www.associationdemarie.org\/blog\/wp-json\/wp\/v2\/posts\/26247\/revisions"}],"predecessor-version":[{"id":26249,"href":"https:\/\/www.associationdemarie.org\/blog\/wp-json\/wp\/v2\/posts\/26247\/revisions\/26249"}],"wp:attachment":[{"href":"https:\/\/www.associationdemarie.org\/blog\/wp-json\/wp\/v2\/media?parent=26247"}],"wp:term":[{"taxonomy":"category","embeddable":true,"href":"https:\/\/www.associationdemarie.org\/blog\/wp-json\/wp\/v2\/categories?post=26247"},{"taxonomy":"post_tag","embeddable":true,"href":"https:\/\/www.associationdemarie.org\/blog\/wp-json\/wp\/v2\/tags?post=26247"}],"curies":[{"name":"wp","href":"https:\/\/api.w.org\/{rel}","templated":true}]}}