{"id":26244,"date":"2025-12-21T01:37:00","date_gmt":"2025-12-21T00:37:00","guid":{"rendered":"http:\/\/www.associationdemarie.org\/blog\/?p=26244"},"modified":"2025-12-07T08:39:01","modified_gmt":"2025-12-07T07:39:01","slug":"saint-joseph-modele-decoute","status":"publish","type":"post","link":"https:\/\/www.associationdemarie.org\/blog\/saint-joseph-modele-decoute\/","title":{"rendered":"Saint Joseph, mod\u00e8le d&rsquo;\u00e9coute"},"content":{"rendered":"\n<div class=\"wp-block-image\"><figure class=\"alignleft is-resized\"><img loading=\"lazy\" decoding=\"async\" src=\"https:\/\/www.associationdemarie.org\/blog\/wp-content\/uploads\/2025\/12\/21-12.jpg\" alt=\"\" class=\"wp-image-26245\" width=\"277\" height=\"350\" srcset=\"https:\/\/www.associationdemarie.org\/blog\/wp-content\/uploads\/2025\/12\/21-12.jpg 474w, https:\/\/www.associationdemarie.org\/blog\/wp-content\/uploads\/2025\/12\/21-12-237x300.jpg 237w\" sizes=\"auto, (max-width: 277px) 100vw, 277px\" \/><\/figure><\/div>\n\n\n\n<p>Le silence de saint Joseph est un silence empreint de contemplation du myst\u00e8re de Dieu, dans une attitude de disponibilit\u00e9 totale aux volont\u00e9s divines. En d&rsquo;autres termes, le silence de saint Joseph ne manifeste pas un vide int\u00e9rieur, mais au contraire la pl\u00e9nitude de foi qu&rsquo;il porte dans son c\u0153ur, et qui guide chacune de ses pens\u00e9es et chacune de ses actions. Un silence gr\u00e2ce auquel Joseph, \u00e0 l&rsquo;unisson avec Marie, conserve la Parole de Dieu, connue \u00e0 travers les Saintes \u00c9critures, en les confrontant en permanence avec les \u00e9v\u00e9nements de la vie de J\u00e9sus ; un silence tiss\u00e9 de pri\u00e8re constante, pri\u00e8re de b\u00e9n\u00e9diction du Seigneur, d&rsquo;adoration de sa sainte volont\u00e9 et de confiance sans r\u00e9serve \u00e0 sa providence.<\/p>\n\n\n\n<p>Laissons-nous \u00ab\u00a0contaminer \u00bb par le silence de saint Joseph\u00a0! Nous en avons tant besoin, dans un monde souvent trop bruyant, qui ne favorise pas le recueillement et l&rsquo;\u00e9coute de la voix de Dieu. En ce temps de pr\u00e9paration \u00e0 No\u00ebl, cultivons le recueillement int\u00e9rieur, pour accueillir et conserver J\u00e9sus dans notre vie.<\/p>\n\n\n\n<h4 class=\"wp-block-heading\">Beno\u00eet XVI<\/h4>\n","protected":false},"excerpt":{"rendered":"<p>Le silence de saint Joseph est un silence empreint de contemplation du myst\u00e8re de Dieu, dans une attitude de disponibilit\u00e9 totale aux volont\u00e9s divines. En d&rsquo;autres termes, le silence de saint Joseph ne manifeste pas un vide int\u00e9rieur, mais au contraire la pl\u00e9nitude de foi qu&rsquo;il porte dans son c\u0153ur, et qui guide chacune de [&hellip;]<\/p>\n","protected":false},"author":2,"featured_media":0,"comment_status":"closed","ping_status":"closed","sticky":false,"template":"","format":"standard","meta":{"footnotes":""},"categories":[3,28],"tags":[127,1697,1049],"class_list":["post-26244","post","type-post","status-publish","format-standard","hentry","category-liturgique","category-saints-et-saintes","tag-avent","tag-benoit-16-2","tag-st-joseph"],"_links":{"self":[{"href":"https:\/\/www.associationdemarie.org\/blog\/wp-json\/wp\/v2\/posts\/26244","targetHints":{"allow":["GET"]}}],"collection":[{"href":"https:\/\/www.associationdemarie.org\/blog\/wp-json\/wp\/v2\/posts"}],"about":[{"href":"https:\/\/www.associationdemarie.org\/blog\/wp-json\/wp\/v2\/types\/post"}],"author":[{"embeddable":true,"href":"https:\/\/www.associationdemarie.org\/blog\/wp-json\/wp\/v2\/users\/2"}],"replies":[{"embeddable":true,"href":"https:\/\/www.associationdemarie.org\/blog\/wp-json\/wp\/v2\/comments?post=26244"}],"version-history":[{"count":1,"href":"https:\/\/www.associationdemarie.org\/blog\/wp-json\/wp\/v2\/posts\/26244\/revisions"}],"predecessor-version":[{"id":26246,"href":"https:\/\/www.associationdemarie.org\/blog\/wp-json\/wp\/v2\/posts\/26244\/revisions\/26246"}],"wp:attachment":[{"href":"https:\/\/www.associationdemarie.org\/blog\/wp-json\/wp\/v2\/media?parent=26244"}],"wp:term":[{"taxonomy":"category","embeddable":true,"href":"https:\/\/www.associationdemarie.org\/blog\/wp-json\/wp\/v2\/categories?post=26244"},{"taxonomy":"post_tag","embeddable":true,"href":"https:\/\/www.associationdemarie.org\/blog\/wp-json\/wp\/v2\/tags?post=26244"}],"curies":[{"name":"wp","href":"https:\/\/api.w.org\/{rel}","templated":true}]}}