{"id":26235,"date":"2025-12-19T01:54:12","date_gmt":"2025-12-19T00:54:12","guid":{"rendered":"http:\/\/www.associationdemarie.org\/blog\/?p=26235"},"modified":"2025-12-05T07:57:32","modified_gmt":"2025-12-05T06:57:32","slug":"voici-que-tu-devras-garder-le-silence","status":"publish","type":"post","link":"https:\/\/www.associationdemarie.org\/blog\/voici-que-tu-devras-garder-le-silence\/","title":{"rendered":"\u00ab Voici que tu devras garder le silence. \u00bb"},"content":{"rendered":"\n<figure class=\"wp-block-image\"><img loading=\"lazy\" decoding=\"async\" width=\"770\" height=\"433\" src=\"https:\/\/www.associationdemarie.org\/blog\/wp-content\/uploads\/2025\/12\/19-12.jpg\" alt=\"\" class=\"wp-image-26236\" srcset=\"https:\/\/www.associationdemarie.org\/blog\/wp-content\/uploads\/2025\/12\/19-12.jpg 770w, https:\/\/www.associationdemarie.org\/blog\/wp-content\/uploads\/2025\/12\/19-12-300x169.jpg 300w, https:\/\/www.associationdemarie.org\/blog\/wp-content\/uploads\/2025\/12\/19-12-768x432.jpg 768w\" sizes=\"auto, (max-width: 770px) 100vw, 770px\" \/><\/figure>\n\n\n\n<p> \u00c0 No\u00ebl nous f\u00eatons une triple naissance\u2026 La premi\u00e8re et la plus sublime naissance est celle du Fils unique engendr\u00e9 par le P\u00e8re c\u00e9leste dans l&rsquo;essence divine, dans la distinction des personnes. La seconde naissance est celle qui s&rsquo;accomplit par une m\u00e8re qui dans sa f\u00e9condit\u00e9 a gard\u00e9 la puret\u00e9 absolue de sa chastet\u00e9 virginale. La troisi\u00e8me est celle par laquelle Dieu, tous les jours et \u00e0 toute heure, na\u00eet en v\u00e9rit\u00e9, spirituellement, par la gr\u00e2ce et l&rsquo;amour, dans une bonne \u00e2me\u2026<\/p>\n\n\n\n<p>Pour cette troisi\u00e8me naissance, il ne doit rester en nous qu&rsquo;une recherche simple et pure de Dieu sans plus aucun d\u00e9sir d&rsquo;avoir quoi que ce soit qui nous soit propre\u2026, avec la seule volont\u00e9 d&rsquo;\u00eatre \u00e0 lui, de lui faire place de la fa\u00e7on la plus \u00e9lev\u00e9e, la plus intime avec lui, pour qu&rsquo;il puisse accomplir son \u0153uvre et na\u00eetre en nous sans que nous y mettions d&rsquo;obstacle\u2026 C&rsquo;est pourquoi saint Augustin nous dit : \u00ab Vide-toi pour que tu puisses \u00eatre rempli ; sors afin de pouvoir entrer \u00bb, et ailleurs : \u00ab \u00c2me noble, noble cr\u00e9ature, pourquoi cherches-tu en dehors de toi ce qui est en toi, tout entier, de la fa\u00e7on la plus vraie et la plus manifeste ? Et puisque tu participes \u00e0 la nature divine, que t&rsquo;importent les choses cr\u00e9\u00e9es et qu&rsquo;as-tu donc \u00e0 faire avec elles ? \u00bb Si l&rsquo;homme pr\u00e9parait ainsi la place au fond de lui-m\u00eame, Dieu, sans aucun doute, serait oblig\u00e9 de le remplir et compl\u00e8tement ; sinon, le ciel se romprait plut\u00f4t pour remplir ce vide. Dieu ne peut pas laisser les choses vides ; ce serait contraire \u00e0 sa nature, \u00e0 sa justice.<\/p>\n\n\n\n<p>C&rsquo;est pourquoi tu dois te taire ; alors le Verbe de cette naissance, la Parole de Dieu, pourra \u00eatre prononc\u00e9 en toi et tu pourras l&rsquo;entendre. Mais comprends bien que si tu veux parler, lui doit se taire. On ne peut mieux servir le Verbe qu&rsquo;en se taisant et en \u00e9coutant. Si donc tu sors compl\u00e8tement de toi-m\u00eame, Dieu entrera tout entier ; autant tu sors, autant il entre, ni plus ni moins.\u00a0<\/p>\n\n\n\n<h4 class=\"wp-block-heading\">Jean Tauler (v. 1300-1361)<\/h4>\n","protected":false},"excerpt":{"rendered":"<p>\u00c0 No\u00ebl nous f\u00eatons une triple naissance\u2026 La premi\u00e8re et la plus sublime naissance est celle du Fils unique engendr\u00e9 par le P\u00e8re c\u00e9leste dans l&rsquo;essence divine, dans la distinction des personnes. La seconde naissance est celle qui s&rsquo;accomplit par une m\u00e8re qui dans sa f\u00e9condit\u00e9 a gard\u00e9 la puret\u00e9 absolue de sa chastet\u00e9 virginale. [&hellip;]<\/p>\n","protected":false},"author":2,"featured_media":0,"comment_status":"closed","ping_status":"closed","sticky":false,"template":"","format":"standard","meta":{"footnotes":""},"categories":[13,1261],"tags":[295,526,706,715,983],"class_list":["post-26235","post","type-post","status-publish","format-standard","hentry","category-ecritures","category-enseignement-2","tag-dieu","tag-jean-tauler","tag-naissance","tag-noel","tag-silence"],"_links":{"self":[{"href":"https:\/\/www.associationdemarie.org\/blog\/wp-json\/wp\/v2\/posts\/26235","targetHints":{"allow":["GET"]}}],"collection":[{"href":"https:\/\/www.associationdemarie.org\/blog\/wp-json\/wp\/v2\/posts"}],"about":[{"href":"https:\/\/www.associationdemarie.org\/blog\/wp-json\/wp\/v2\/types\/post"}],"author":[{"embeddable":true,"href":"https:\/\/www.associationdemarie.org\/blog\/wp-json\/wp\/v2\/users\/2"}],"replies":[{"embeddable":true,"href":"https:\/\/www.associationdemarie.org\/blog\/wp-json\/wp\/v2\/comments?post=26235"}],"version-history":[{"count":1,"href":"https:\/\/www.associationdemarie.org\/blog\/wp-json\/wp\/v2\/posts\/26235\/revisions"}],"predecessor-version":[{"id":26237,"href":"https:\/\/www.associationdemarie.org\/blog\/wp-json\/wp\/v2\/posts\/26235\/revisions\/26237"}],"wp:attachment":[{"href":"https:\/\/www.associationdemarie.org\/blog\/wp-json\/wp\/v2\/media?parent=26235"}],"wp:term":[{"taxonomy":"category","embeddable":true,"href":"https:\/\/www.associationdemarie.org\/blog\/wp-json\/wp\/v2\/categories?post=26235"},{"taxonomy":"post_tag","embeddable":true,"href":"https:\/\/www.associationdemarie.org\/blog\/wp-json\/wp\/v2\/tags?post=26235"}],"curies":[{"name":"wp","href":"https:\/\/api.w.org\/{rel}","templated":true}]}}