{"id":26232,"date":"2025-12-18T01:43:23","date_gmt":"2025-12-18T00:43:23","guid":{"rendered":"http:\/\/www.associationdemarie.org\/blog\/?p=26232"},"modified":"2025-12-04T06:46:45","modified_gmt":"2025-12-04T05:46:45","slug":"quand-joseph-se-reveilla-il-fit-ce-que-lange-du-seigneur-lui-avait-prescrit-2","status":"publish","type":"post","link":"https:\/\/www.associationdemarie.org\/blog\/quand-joseph-se-reveilla-il-fit-ce-que-lange-du-seigneur-lui-avait-prescrit-2\/","title":{"rendered":"\u00ab Quand Joseph se r\u00e9veilla, il fit ce que l&rsquo;Ange du Seigneur lui avait prescrit. \u00bb"},"content":{"rendered":"\n<div class=\"wp-block-image\"><figure class=\"alignleft\"><img loading=\"lazy\" decoding=\"async\" width=\"298\" height=\"169\" src=\"https:\/\/www.associationdemarie.org\/blog\/wp-content\/uploads\/2025\/12\/18-12.jpg\" alt=\"\" class=\"wp-image-26233\"\/><\/figure><\/div>\n\n\n\n<p>Au d\u00e9but de son p\u00e8lerinage de foi, la foi de Marie rencontre la foi de Joseph. Si \u00c9lisabeth a dit de la M\u00e8re du R\u00e9dempteur\u00a0: \u00ab\u00a0Bienheureuse celle qui a cru\u00a0\u00bb (Lc 1,45), on peut en un sens attribuer aussi cette b\u00e9atitude \u00e0 Joseph, car il a r\u00e9pondu affirmativement \u00e0 la Parole de Dieu quand elle lui a \u00e9t\u00e9 transmise en ce moment d\u00e9cisif. Joseph, il est vrai, n&rsquo;a pas r\u00e9pondu \u00e0 l&rsquo;annonce de l&rsquo;ange comme Marie, mais il \u00ab\u00a0fit ce que l&rsquo;Ange du Seigneur lui avait prescrit\u00a0: il prit chez lui son \u00e9pouse\u00a0\u00bb. Ce qu&rsquo;il a fait est pure \u00ab\u00a0ob\u00e9issance de la foi\u00a0\u00bb (Rm 1,5).<\/p>\n\n\n\n<p>On peut dire que ce qu&rsquo;a fait Joseph l&rsquo;unit d&rsquo;une mani\u00e8re toute sp\u00e9ciale \u00e0 la foi de Marie\u00a0; il a accept\u00e9 comme une v\u00e9rit\u00e9 venant de Dieu ce qu&rsquo;elle avait d\u00e9j\u00e0 accept\u00e9 lors de l&rsquo;Annonciation. Le Concile Vatican II dit\u00a0: \u00ab\u00a0\u00c0 Dieu qui r\u00e9v\u00e8le est due l&rsquo;ob\u00e9issance de la foi par laquelle l&rsquo;homme s&rsquo;en remet tout entier et librement \u00e0 Dieu dans un complet hommage d&rsquo;intelligence et de volont\u00e9 \u00e0 Dieu qui r\u00e9v\u00e8le et dans un assentiment volontaire \u00e0 la r\u00e9v\u00e9lation qu&rsquo;il fait\u00a0\u00bb (Dei Verbum, 5). Cette phrase, qui touche \u00e0 l&rsquo;essence m\u00eame de la foi, s&rsquo;applique parfaitement \u00e0 Joseph de Nazareth.<\/p>\n\n\n\n<p> Il est devenu donc d&rsquo;une fa\u00e7on singuli\u00e8re le d\u00e9positaire du myst\u00e8re \u00ab\u00a0tenu cach\u00e9 depuis les si\u00e8cles en Dieu\u00a0\u00bb (Ep 3,9), de m\u00eame que Marie l&rsquo;est devenue en ce moment d\u00e9cisif appel\u00e9 par l&rsquo;ap\u00f4tre Paul \u00ab\u00a0la pl\u00e9nitude du temps\u00a0\u00bb, lorsque \u00ab\u00a0Dieu envoya son Fils, n\u00e9 d&rsquo;une femme&#8230; afin de racheter les sujets de la Loi, pour leur conf\u00e9rer l&rsquo;adoption filiale\u00a0\u00bb (Ga 4,4-5)&#8230; Joseph est, avec Marie, le premier d\u00e9positaire de ce myst\u00e8re divin&#8230; En ayant devant les yeux le texte des deux \u00e9vang\u00e9listes Matthieu et Luc, on peut dire \u00e9galement que Joseph est le premier \u00e0 participer \u00e0 la foi de la M\u00e8re de Dieu et qu&rsquo;ainsi il soutient son \u00e9pouse dans la foi \u00e0 l&rsquo;Annonciation divine\u00a0; il est plac\u00e9 le premier par Dieu sur le chemin du p\u00e8lerinage de foi de Marie&#8230; Le chemin personnel de Joseph, son p\u00e8lerinage de foi, se conclura le premier&#8230;\u00a0; cependant, le chemin de foi de Joseph suit la m\u00eame direction.<\/p>\n\n\n\n<h4 class=\"wp-block-heading\">Saint Jean-Paul II (1920-2005)<\/h4>\n\n\n\n<p><\/p>\n","protected":false},"excerpt":{"rendered":"<p>Au d\u00e9but de son p\u00e8lerinage de foi, la foi de Marie rencontre la foi de Joseph. Si \u00c9lisabeth a dit de la M\u00e8re du R\u00e9dempteur\u00a0: \u00ab\u00a0Bienheureuse celle qui a cru\u00a0\u00bb (Lc 1,45), on peut en un sens attribuer aussi cette b\u00e9atitude \u00e0 Joseph, car il a r\u00e9pondu affirmativement \u00e0 la Parole de Dieu quand elle [&hellip;]<\/p>\n","protected":false},"author":2,"featured_media":0,"comment_status":"closed","ping_status":"closed","sticky":false,"template":"","format":"standard","meta":{"footnotes":""},"categories":[3,28],"tags":[127,1253,1049],"class_list":["post-26232","post","type-post","status-publish","format-standard","hentry","category-liturgique","category-saints-et-saintes","tag-avent","tag-st-jean-paul-2","tag-st-joseph"],"_links":{"self":[{"href":"https:\/\/www.associationdemarie.org\/blog\/wp-json\/wp\/v2\/posts\/26232","targetHints":{"allow":["GET"]}}],"collection":[{"href":"https:\/\/www.associationdemarie.org\/blog\/wp-json\/wp\/v2\/posts"}],"about":[{"href":"https:\/\/www.associationdemarie.org\/blog\/wp-json\/wp\/v2\/types\/post"}],"author":[{"embeddable":true,"href":"https:\/\/www.associationdemarie.org\/blog\/wp-json\/wp\/v2\/users\/2"}],"replies":[{"embeddable":true,"href":"https:\/\/www.associationdemarie.org\/blog\/wp-json\/wp\/v2\/comments?post=26232"}],"version-history":[{"count":1,"href":"https:\/\/www.associationdemarie.org\/blog\/wp-json\/wp\/v2\/posts\/26232\/revisions"}],"predecessor-version":[{"id":26234,"href":"https:\/\/www.associationdemarie.org\/blog\/wp-json\/wp\/v2\/posts\/26232\/revisions\/26234"}],"wp:attachment":[{"href":"https:\/\/www.associationdemarie.org\/blog\/wp-json\/wp\/v2\/media?parent=26232"}],"wp:term":[{"taxonomy":"category","embeddable":true,"href":"https:\/\/www.associationdemarie.org\/blog\/wp-json\/wp\/v2\/categories?post=26232"},{"taxonomy":"post_tag","embeddable":true,"href":"https:\/\/www.associationdemarie.org\/blog\/wp-json\/wp\/v2\/tags?post=26232"}],"curies":[{"name":"wp","href":"https:\/\/api.w.org\/{rel}","templated":true}]}}