{"id":26223,"date":"2025-12-15T01:00:45","date_gmt":"2025-12-15T00:00:45","guid":{"rendered":"http:\/\/www.associationdemarie.org\/blog\/?p=26223"},"modified":"2025-12-01T08:02:40","modified_gmt":"2025-12-01T07:02:40","slug":"par-quelle-autorite-fais-tu-cela","status":"publish","type":"post","link":"https:\/\/www.associationdemarie.org\/blog\/par-quelle-autorite-fais-tu-cela\/","title":{"rendered":"\u00ab Par quelle autorit\u00e9 fais-tu cela ? \u00bb"},"content":{"rendered":"\n<figure class=\"wp-block-image\"><img loading=\"lazy\" decoding=\"async\" width=\"819\" height=\"1024\" src=\"https:\/\/www.associationdemarie.org\/blog\/wp-content\/uploads\/2025\/12\/15-12-819x1024.jpg\" alt=\"\" class=\"wp-image-26224\" srcset=\"https:\/\/www.associationdemarie.org\/blog\/wp-content\/uploads\/2025\/12\/15-12-819x1024.jpg 819w, https:\/\/www.associationdemarie.org\/blog\/wp-content\/uploads\/2025\/12\/15-12-240x300.jpg 240w, https:\/\/www.associationdemarie.org\/blog\/wp-content\/uploads\/2025\/12\/15-12-768x960.jpg 768w, https:\/\/www.associationdemarie.org\/blog\/wp-content\/uploads\/2025\/12\/15-12.jpg 1078w\" sizes=\"auto, (max-width: 819px) 100vw, 819px\" \/><\/figure>\n\n\n\n<p>Il est bien au P\u00e8re, ce Fils qui lui ressemble. Il vient de lui, ce Fils qu&rsquo;on peut lui comparer, car il lui est semblable. Il est son \u00e9gal, ce Fils qui accomplit les m\u00eames \u0153uvres que lui (Jn 5,19)&#8230; Oui, le Fils accomplit les \u0153uvres du P\u00e8re\u00a0; c&rsquo;est pourquoi il nous demande de croire qu&rsquo;il est le Fils de Dieu. Il ne s&rsquo;arroge pas l\u00e0 un titre qui ne lui serait pas d\u00fb\u00a0; ce n&rsquo;est pas sur ses propres \u0153uvres qu&rsquo;il appuie sa revendication. Non\u00a0! Il rend t\u00e9moignage que ce ne sont pas ses propres \u0153uvres, mais celles de son P\u00e8re. Et il atteste ainsi que l&rsquo;\u00e9clat de ses actions lui vient de sa naissance divine. Mais comment les hommes auraient-ils pu reconna\u00eetre en lui le Fils de Dieu, dans le myst\u00e8re de ce corps qu&rsquo;il avait assum\u00e9, dans cet homme n\u00e9 de Marie\u00a0? C&rsquo;est pour faire p\u00e9n\u00e9trer en leur c\u0153ur la foi en lui que le Seigneur accomplissait toutes ces \u0153uvres\u00a0: \u00ab\u00a0Si j&rsquo;accomplis les \u0153uvres de mon P\u00e8re, alors, m\u00eame si vous ne voulez pas croire en moi, croyez au moins mes \u0153uvres\u00a0\u00bb (Jn 10,38)&#8230;<\/p>\n\n\n\n<p> Si l&rsquo;humilit\u00e9 de son corps semble un obstacle pour croire en sa parole, il nous demande de croire au moins en ses \u0153uvres. En effet, pourquoi le myst\u00e8re de sa naissance humaine nous emp\u00eacherait-il de percevoir sa naissance divine\u00a0? &#8230; \u00ab\u00a0Si vous ne voulez pas croire en moi, croyez en mes \u0153uvres, pour savoir et reconna\u00eetre que le P\u00e8re est en moi, et moi dans le P\u00e8re\u00a0\u00bb&#8230; <\/p>\n\n\n\n<p> Telle est la nature qu&rsquo;il poss\u00e8de par naissance\u00a0; tel est le myst\u00e8re d&rsquo;une foi qui nous assurera le salut\u00a0\u00a0\u00a0: ne pas diviser ceux qui sont un, ne pas priver le Fils de sa nature, et proclamer la v\u00e9rit\u00e9 du Dieu Vivant n\u00e9 du Dieu Vivant&#8230; \u00ab\u00a0Comme le P\u00e8re qui m&rsquo;a envoy\u00e9 est vivant, de m\u00eame, moi, je vis par le P\u00e8re\u00a0\u00bb (Jn 6,57)&#8230; \u00ab\u00a0Comme le P\u00e8re a la vie en lui-m\u00eame, de m\u00eame il a donn\u00e9 au Fils d&rsquo;avoir aussi en lui-m\u00eame la vie\u00a0\u00bb (Jn 5,26).<\/p>\n\n\n\n<h4 class=\"wp-block-heading\">Saint Hilaire (v. 315-367)<\/h4>\n","protected":false},"excerpt":{"rendered":"<p>Il est bien au P\u00e8re, ce Fils qui lui ressemble. Il vient de lui, ce Fils qu&rsquo;on peut lui comparer, car il lui est semblable. Il est son \u00e9gal, ce Fils qui accomplit les m\u00eames \u0153uvres que lui (Jn 5,19)&#8230; Oui, le Fils accomplit les \u0153uvres du P\u00e8re\u00a0; c&rsquo;est pourquoi il nous demande de croire [&hellip;]<\/p>\n","protected":false},"author":2,"featured_media":0,"comment_status":"closed","ping_status":"closed","sticky":false,"template":"","format":"standard","meta":{"footnotes":""},"categories":[13,1261],"tags":[1036],"class_list":["post-26223","post","type-post","status-publish","format-standard","hentry","category-ecritures","category-enseignement-2","tag-st-hilaire"],"_links":{"self":[{"href":"https:\/\/www.associationdemarie.org\/blog\/wp-json\/wp\/v2\/posts\/26223","targetHints":{"allow":["GET"]}}],"collection":[{"href":"https:\/\/www.associationdemarie.org\/blog\/wp-json\/wp\/v2\/posts"}],"about":[{"href":"https:\/\/www.associationdemarie.org\/blog\/wp-json\/wp\/v2\/types\/post"}],"author":[{"embeddable":true,"href":"https:\/\/www.associationdemarie.org\/blog\/wp-json\/wp\/v2\/users\/2"}],"replies":[{"embeddable":true,"href":"https:\/\/www.associationdemarie.org\/blog\/wp-json\/wp\/v2\/comments?post=26223"}],"version-history":[{"count":1,"href":"https:\/\/www.associationdemarie.org\/blog\/wp-json\/wp\/v2\/posts\/26223\/revisions"}],"predecessor-version":[{"id":26225,"href":"https:\/\/www.associationdemarie.org\/blog\/wp-json\/wp\/v2\/posts\/26223\/revisions\/26225"}],"wp:attachment":[{"href":"https:\/\/www.associationdemarie.org\/blog\/wp-json\/wp\/v2\/media?parent=26223"}],"wp:term":[{"taxonomy":"category","embeddable":true,"href":"https:\/\/www.associationdemarie.org\/blog\/wp-json\/wp\/v2\/categories?post=26223"},{"taxonomy":"post_tag","embeddable":true,"href":"https:\/\/www.associationdemarie.org\/blog\/wp-json\/wp\/v2\/tags?post=26223"}],"curies":[{"name":"wp","href":"https:\/\/api.w.org\/{rel}","templated":true}]}}