{"id":26220,"date":"2025-12-14T01:50:26","date_gmt":"2025-12-14T00:50:26","guid":{"rendered":"http:\/\/www.associationdemarie.org\/blog\/?p=26220"},"modified":"2025-11-30T06:53:44","modified_gmt":"2025-11-30T05:53:44","slug":"les-aveugles-voient-les-morts-ressuscitent-la-bonne-nouvelle-est-annoncee-aux-pauvres-2","status":"publish","type":"post","link":"https:\/\/www.associationdemarie.org\/blog\/les-aveugles-voient-les-morts-ressuscitent-la-bonne-nouvelle-est-annoncee-aux-pauvres-2\/","title":{"rendered":"\u00ab Les aveugles voient&#8230;, les morts ressuscitent, la Bonne Nouvelle est annonc\u00e9e aux pauvres. \u00bb"},"content":{"rendered":"\n<figure class=\"wp-block-image\"><img loading=\"lazy\" decoding=\"async\" width=\"1024\" height=\"576\" src=\"https:\/\/www.associationdemarie.org\/blog\/wp-content\/uploads\/2025\/11\/14-12-1024x576.jpeg\" alt=\"\" class=\"wp-image-26221\" srcset=\"https:\/\/www.associationdemarie.org\/blog\/wp-content\/uploads\/2025\/11\/14-12-1024x576.jpeg 1024w, https:\/\/www.associationdemarie.org\/blog\/wp-content\/uploads\/2025\/11\/14-12-300x169.jpeg 300w, https:\/\/www.associationdemarie.org\/blog\/wp-content\/uploads\/2025\/11\/14-12-768x432.jpeg 768w, https:\/\/www.associationdemarie.org\/blog\/wp-content\/uploads\/2025\/11\/14-12.jpeg 1500w\" sizes=\"auto, (max-width: 1024px) 100vw, 1024px\" \/><\/figure>\n\n\n\n<p>\u00a0\u00ab\u00a0Celui qui vient apr\u00e8s moi est plus puissant que moi\u00a0; lui vous baptisera dans l&rsquo;Esprit Saint et le feu\u00a0\u00bb (Mt 3,11). Dirons-nous que c&rsquo;est l\u00e0 l&rsquo;\u0153uvre d&rsquo;une humanit\u00e9 pareille \u00e0 la n\u00f4tre que de pouvoir baptiser dans l&rsquo;Esprit Saint et le feu\u00a0? Comment cela pourrait-il \u00eatre\u00a0? Et pourtant, parlant d&rsquo;un homme qui ne s&rsquo;est pas encore pr\u00e9sent\u00e9, Jean d\u00e9clare que celui-ci baptise \u00ab\u00a0dans le feu et l&rsquo;Esprit Saint\u00a0\u00bb. Non pas, comme le ferait un serviteur quelconque, en insufflant aux baptis\u00e9s un Esprit qui n&rsquo;est pas le sien, mais comme quelqu&rsquo;un qui est Dieu par nature, qui donne avec une puissance souveraine ce qui vient de lui et lui appartient en propre. C&rsquo;est gr\u00e2ce \u00e0 cela que l&#8217;empreinte divine s&rsquo;imprime en nous.<\/p>\n\n\n\n<p>En effet, en Christ J\u00e9sus, nous sommes transform\u00e9s comme \u00e0 l&rsquo;image divine\u00a0; non que notre corps soit model\u00e9 de nouveau, mais nous recevons le Saint Esprit, entrant en possession du Christ lui-m\u00eame, au point de pouvoir crier d\u00e9sormais dans notre joie\u00a0: \u00ab\u00a0Mon \u00e2me exulte dans le Seigneur, car il m&rsquo;a rev\u00eatu de salut et d&rsquo;all\u00e9gresse\u00a0\u00bb (1S 2,1). L&rsquo;ap\u00f4tre Paul dit en effet\u00a0: \u00ab\u00a0Vous tous qui avez \u00e9t\u00e9 baptis\u00e9s dans le Christ, vous avez rev\u00eatu le Christ\u00a0\u00bb (Ga 3,27).<\/p>\n\n\n\n<p>Est-ce donc en un homme que nous avons \u00e9t\u00e9 baptis\u00e9s\u00a0? Silence, toi qui n&rsquo;est qu&rsquo;un homme\u00a0; veux-tu rabattre jusqu&rsquo;\u00e0 terre notre esp\u00e9rance\u00a0? Nous avons \u00e9t\u00e9 baptis\u00e9s en un Dieu fait homme\u00a0; il lib\u00e8re des peines et des fautes tous ceux qui croient en lui. \u00ab\u00a0Repentez-vous et que chacun de vous se fasse baptiser au nom de J\u00e9sus Christ&#8230; Vous recevrez alors le don du Saint Esprit\u00a0\u00bb (Ac 2,38). Il d\u00e9lie ceux qui s&rsquo;attachent \u00e0 lui&#8230;\u00a0; il fait sourdre en nous sa propre nature&#8230; L&rsquo;Esprit appartient en propre au Fils, qui est devenu un homme semblable \u00e0 nous. Car il est lui-m\u00eame la vie de tout ce qui existe.<\/p>\n\n\n\n<h4 class=\"wp-block-heading\">Saint Cyrille d&rsquo;Alexandrie (380-444)<\/h4>\n","protected":false},"excerpt":{"rendered":"<p>\u00a0\u00ab\u00a0Celui qui vient apr\u00e8s moi est plus puissant que moi\u00a0; lui vous baptisera dans l&rsquo;Esprit Saint et le feu\u00a0\u00bb (Mt 3,11). Dirons-nous que c&rsquo;est l\u00e0 l&rsquo;\u0153uvre d&rsquo;une humanit\u00e9 pareille \u00e0 la n\u00f4tre que de pouvoir baptiser dans l&rsquo;Esprit Saint et le feu\u00a0? Comment cela pourrait-il \u00eatre\u00a0? Et pourtant, parlant d&rsquo;un homme qui ne s&rsquo;est pas [&hellip;]<\/p>\n","protected":false},"author":2,"featured_media":0,"comment_status":"closed","ping_status":"closed","sticky":false,"template":"","format":"standard","meta":{"footnotes":""},"categories":[13,1261],"tags":[127,378,1489],"class_list":["post-26220","post","type-post","status-publish","format-standard","hentry","category-ecritures","category-enseignement-2","tag-avent","tag-esprit-saint","tag-st-cyrille-dalexandrie"],"_links":{"self":[{"href":"https:\/\/www.associationdemarie.org\/blog\/wp-json\/wp\/v2\/posts\/26220","targetHints":{"allow":["GET"]}}],"collection":[{"href":"https:\/\/www.associationdemarie.org\/blog\/wp-json\/wp\/v2\/posts"}],"about":[{"href":"https:\/\/www.associationdemarie.org\/blog\/wp-json\/wp\/v2\/types\/post"}],"author":[{"embeddable":true,"href":"https:\/\/www.associationdemarie.org\/blog\/wp-json\/wp\/v2\/users\/2"}],"replies":[{"embeddable":true,"href":"https:\/\/www.associationdemarie.org\/blog\/wp-json\/wp\/v2\/comments?post=26220"}],"version-history":[{"count":1,"href":"https:\/\/www.associationdemarie.org\/blog\/wp-json\/wp\/v2\/posts\/26220\/revisions"}],"predecessor-version":[{"id":26222,"href":"https:\/\/www.associationdemarie.org\/blog\/wp-json\/wp\/v2\/posts\/26220\/revisions\/26222"}],"wp:attachment":[{"href":"https:\/\/www.associationdemarie.org\/blog\/wp-json\/wp\/v2\/media?parent=26220"}],"wp:term":[{"taxonomy":"category","embeddable":true,"href":"https:\/\/www.associationdemarie.org\/blog\/wp-json\/wp\/v2\/categories?post=26220"},{"taxonomy":"post_tag","embeddable":true,"href":"https:\/\/www.associationdemarie.org\/blog\/wp-json\/wp\/v2\/tags?post=26220"}],"curies":[{"name":"wp","href":"https:\/\/api.w.org\/{rel}","templated":true}]}}