{"id":26183,"date":"2025-12-05T01:31:15","date_gmt":"2025-12-05T00:31:15","guid":{"rendered":"http:\/\/www.associationdemarie.org\/blog\/?p=26183"},"modified":"2025-11-21T08:33:22","modified_gmt":"2025-11-21T07:33:22","slug":"leurs-yeux-souvrirent-2","status":"publish","type":"post","link":"https:\/\/www.associationdemarie.org\/blog\/leurs-yeux-souvrirent-2\/","title":{"rendered":"\u00ab Leurs yeux s&rsquo;ouvrirent. \u00bb"},"content":{"rendered":"\n<div class=\"wp-block-image\"><figure class=\"aligncenter\"><img loading=\"lazy\" decoding=\"async\" width=\"443\" height=\"718\" src=\"https:\/\/www.associationdemarie.org\/blog\/wp-content\/uploads\/2025\/11\/05-12.jpg\" alt=\"\" class=\"wp-image-26184\" srcset=\"https:\/\/www.associationdemarie.org\/blog\/wp-content\/uploads\/2025\/11\/05-12.jpg 443w, https:\/\/www.associationdemarie.org\/blog\/wp-content\/uploads\/2025\/11\/05-12-185x300.jpg 185w\" sizes=\"auto, (max-width: 443px) 100vw, 443px\" \/><\/figure><\/div>\n\n\n\n<p>\u00a0\u00ab Notre Dieu viendra manifestement, et il ne se taira pas \u00bb (Ps 49,3 Vulg). En effet, le Seigneur Christ, notre Dieu, le Fils de Dieu, est venu de fa\u00e7on cach\u00e9e dans son premier av\u00e8nement ; il viendra de fa\u00e7on manifeste dans son second. Quand il est venu cach\u00e9, il n&rsquo;a \u00e9t\u00e9 connu que de ses serviteurs ; quand il viendra manifestement, il sera connu des bons et des mauvais. Quand il est venu cach\u00e9, c&rsquo;\u00e9tait pour \u00eatre jug\u00e9 ; quand il viendra manifestement, ce sera pour \u00eatre le juge. Autrefois, il \u00e9tait jug\u00e9, il s&rsquo;est tu, et le proph\u00e8te avait pr\u00e9dit ce silence : \u00ab Comme un agneau conduit \u00e0 l&rsquo;abattoir, comme une brebis muette devant les tondeurs, il n&rsquo;ouvre pas la bouche \u00bb (Is 53,7), mais \u00ab notre Dieu viendra manifestement, et il ne se taira pas \u00bb&#8230;<\/p>\n\n\n\n<p>Maintenant ce qu&rsquo;on appelle bonheur de ce monde, les m\u00e9chants le poss\u00e8dent aussi ; et ce qu&rsquo;on appelle le malheur de ce monde les bons le poss\u00e8dent aussi. Si des hommes ne croient qu&rsquo;aux r\u00e9alit\u00e9s pr\u00e9sentes et ne croient pas aux r\u00e9alit\u00e9s futures, c&rsquo;est parce qu&rsquo;ils observent que les biens et les maux de ce monde pr\u00e9sent appartiennent indistinctement aux bons et aux mauvais. S&rsquo;ils ambitionnent les richesses, ils voient qu&rsquo;elles appartiennent aux pires des hommes aussi bien qu&rsquo;aux bons. S&rsquo;ils ont horreur de la pauvret\u00e9 et des mis\u00e8res de cette vie, ils voient qu&rsquo;elles font souffrir non seulement les mauvais, mais aussi les bons, et ils disent dans leur c\u0153ur : \u00ab Dieu ne voit pas \u00bb (Ps 93,7), il ne dirige pas les affaires humaines. Il nous laisse totalement rouler au hasard dans l&rsquo;ab\u00eeme profond de ce monde, et il ne nous montre en rien sa providence. Et s&rsquo;ils m\u00e9prisent les pr\u00e9ceptes de Dieu, c&rsquo;est parce qu&rsquo;ils ne voient pas son jugement se manifester&#8230;<\/p>\n\n\n\n<h4 class=\"wp-block-heading\">Saint Augustin (354-430)<\/h4>\n","protected":false},"excerpt":{"rendered":"<p>\u00a0\u00ab Notre Dieu viendra manifestement, et il ne se taira pas \u00bb (Ps 49,3 Vulg). En effet, le Seigneur Christ, notre Dieu, le Fils de Dieu, est venu de fa\u00e7on cach\u00e9e dans son premier av\u00e8nement ; il viendra de fa\u00e7on manifeste dans son second. Quand il est venu cach\u00e9, il n&rsquo;a \u00e9t\u00e9 connu que de [&hellip;]<\/p>\n","protected":false},"author":2,"featured_media":0,"comment_status":"closed","ping_status":"closed","sticky":false,"template":"","format":"standard","meta":{"footnotes":""},"categories":[13,1261],"tags":[1718,1012],"class_list":["post-26183","post","type-post","status-publish","format-standard","hentry","category-ecritures","category-enseignement-2","tag-aveugles","tag-st-augustin"],"_links":{"self":[{"href":"https:\/\/www.associationdemarie.org\/blog\/wp-json\/wp\/v2\/posts\/26183","targetHints":{"allow":["GET"]}}],"collection":[{"href":"https:\/\/www.associationdemarie.org\/blog\/wp-json\/wp\/v2\/posts"}],"about":[{"href":"https:\/\/www.associationdemarie.org\/blog\/wp-json\/wp\/v2\/types\/post"}],"author":[{"embeddable":true,"href":"https:\/\/www.associationdemarie.org\/blog\/wp-json\/wp\/v2\/users\/2"}],"replies":[{"embeddable":true,"href":"https:\/\/www.associationdemarie.org\/blog\/wp-json\/wp\/v2\/comments?post=26183"}],"version-history":[{"count":1,"href":"https:\/\/www.associationdemarie.org\/blog\/wp-json\/wp\/v2\/posts\/26183\/revisions"}],"predecessor-version":[{"id":26185,"href":"https:\/\/www.associationdemarie.org\/blog\/wp-json\/wp\/v2\/posts\/26183\/revisions\/26185"}],"wp:attachment":[{"href":"https:\/\/www.associationdemarie.org\/blog\/wp-json\/wp\/v2\/media?parent=26183"}],"wp:term":[{"taxonomy":"category","embeddable":true,"href":"https:\/\/www.associationdemarie.org\/blog\/wp-json\/wp\/v2\/categories?post=26183"},{"taxonomy":"post_tag","embeddable":true,"href":"https:\/\/www.associationdemarie.org\/blog\/wp-json\/wp\/v2\/tags?post=26183"}],"curies":[{"name":"wp","href":"https:\/\/api.w.org\/{rel}","templated":true}]}}