{"id":26176,"date":"2025-12-04T01:37:30","date_gmt":"2025-12-04T00:37:30","guid":{"rendered":"http:\/\/www.associationdemarie.org\/blog\/?p=26176"},"modified":"2025-11-20T07:41:29","modified_gmt":"2025-11-20T06:41:29","slug":"entrer-dans-le-royaume-en-faisant-la-volonte-du-pere","status":"publish","type":"post","link":"https:\/\/www.associationdemarie.org\/blog\/entrer-dans-le-royaume-en-faisant-la-volonte-du-pere\/","title":{"rendered":"Entrer dans le Royaume en faisant la volont\u00e9 du P\u00e8re"},"content":{"rendered":"\n<figure class=\"wp-block-image\"><img loading=\"lazy\" decoding=\"async\" width=\"1024\" height=\"580\" src=\"https:\/\/www.associationdemarie.org\/blog\/wp-content\/uploads\/2025\/11\/4-12-1024x580.jpg\" alt=\"\" class=\"wp-image-26177\" srcset=\"https:\/\/www.associationdemarie.org\/blog\/wp-content\/uploads\/2025\/11\/4-12-1024x580.jpg 1024w, https:\/\/www.associationdemarie.org\/blog\/wp-content\/uploads\/2025\/11\/4-12-300x170.jpg 300w, https:\/\/www.associationdemarie.org\/blog\/wp-content\/uploads\/2025\/11\/4-12-768x435.jpg 768w, https:\/\/www.associationdemarie.org\/blog\/wp-content\/uploads\/2025\/11\/4-12.jpg 1325w\" sizes=\"auto, (max-width: 1024px) 100vw, 1024px\" \/><\/figure>\n\n\n\n<p>Un jour o\u00f9 Gertrude priait pour [la sant\u00e9 de leur M\u00e8re] avec le d\u00e9sir de conna\u00eetre dans quelle situation elle se trouvait, le Seigneur r\u00e9pondit\u00a0: \u00ab\u00a0C\u2019est avec une joie incomparable que j\u2019ai attendu ce jour pour conduire dans la solitude celle que je me suis choisie, afin de lui parler au c\u0153ur (cf. Os 2,16). Je n\u2019ai pas \u00e9t\u00e9 d\u00e9\u00e7u dans mon attente (cf. Ps 77,30)\u00a0: elle r\u00e9pond toujours selon mon parfait bon plaisir et m\u2019ob\u00e9it en tout pour ma plus douce joie.\u00a0\u00bb Ce qui signifie\u00a0: la maladie est cette solitude o\u00f9 le Seigneur parle au c\u0153ur et non \u00e0 l\u2019oreille de sa bien-aim\u00e9e. (\u2026)<\/p>\n\n\n\n<p>Ces paroles que le Seigneur dit \u00e0 son \u00e9lue sont les \u00e9preuves et les pr\u00e9occupations de son c\u0153ur\u00a0: la malade songe qu\u2019elle est inutile, qu\u2019elle perd son temps sans r\u00e9sultat, que les autres travaillent pour elle, et cela en pure perte puisque le bien de la sant\u00e9 ne s\u2019ensuivra peut-\u00eatre jamais. A tout cela elle r\u00e9pond d\u2019une mani\u00e8re conforme au bon plaisir divin, gardant la patience en son c\u0153ur, d\u00e9sirant que la volont\u00e9 de Dieu s\u2019accomplisse parfaitement en elle. (\u2026)<\/p>\n\n\n\n<p>Et le Seigneur ajouta\u00a0: \u00ab\u00a0Mon \u00e9lue se soumet \u00e0 moi pour ma plus grande joie lorsqu\u2019elle ne cherche pas \u00e0 se soustraire aux incommodit\u00e9s de la maladie. (\u2026) Or, plus je fais peser sur elle l\u2019infirmit\u00e9 et la fatigue, plus aussi elle m\u2019est docile en acceptant patiemment et avec discr\u00e9tion pour le plaisir de mon tr\u00e8s doux de mon C\u0153ur, les soulagements et m\u00e9nagements n\u00e9cessaires \u00e0 son corps. Et ceci est une pierre de plus \u00e0 sa couronne, car parfois elle ne le fait pas sans peine. Qu\u2019elle reprenne courage cependant en se rappelant que gr\u00e2ce \u00e0 ma bienveillance et \u00e0 ma tendresse \u00ab\u00a0tout coop\u00e8re au bien de ceux qui aiment\u00a0\u00bb (cf. Rm 8,28)<\/p>\n\n\n\n<h4 class=\"wp-block-heading\">Sainte Gertrude d&rsquo;Helfta (1256-1301)<\/h4>\n","protected":false},"excerpt":{"rendered":"<p>Un jour o\u00f9 Gertrude priait pour [la sant\u00e9 de leur M\u00e8re] avec le d\u00e9sir de conna\u00eetre dans quelle situation elle se trouvait, le Seigneur r\u00e9pondit\u00a0: \u00ab\u00a0C\u2019est avec une joie incomparable que j\u2019ai attendu ce jour pour conduire dans la solitude celle que je me suis choisie, afin de lui parler au c\u0153ur (cf. Os 2,16). [&hellip;]<\/p>\n","protected":false},"author":2,"featured_media":0,"comment_status":"closed","ping_status":"closed","sticky":false,"template":"","format":"standard","meta":{"footnotes":""},"categories":[13,1261],"tags":[907,1524,1202],"class_list":["post-26176","post","type-post","status-publish","format-standard","hentry","category-ecritures","category-enseignement-2","tag-royaume-des-cieux","tag-ste-gertrude-dhelfta","tag-volonte"],"_links":{"self":[{"href":"https:\/\/www.associationdemarie.org\/blog\/wp-json\/wp\/v2\/posts\/26176","targetHints":{"allow":["GET"]}}],"collection":[{"href":"https:\/\/www.associationdemarie.org\/blog\/wp-json\/wp\/v2\/posts"}],"about":[{"href":"https:\/\/www.associationdemarie.org\/blog\/wp-json\/wp\/v2\/types\/post"}],"author":[{"embeddable":true,"href":"https:\/\/www.associationdemarie.org\/blog\/wp-json\/wp\/v2\/users\/2"}],"replies":[{"embeddable":true,"href":"https:\/\/www.associationdemarie.org\/blog\/wp-json\/wp\/v2\/comments?post=26176"}],"version-history":[{"count":1,"href":"https:\/\/www.associationdemarie.org\/blog\/wp-json\/wp\/v2\/posts\/26176\/revisions"}],"predecessor-version":[{"id":26178,"href":"https:\/\/www.associationdemarie.org\/blog\/wp-json\/wp\/v2\/posts\/26176\/revisions\/26178"}],"wp:attachment":[{"href":"https:\/\/www.associationdemarie.org\/blog\/wp-json\/wp\/v2\/media?parent=26176"}],"wp:term":[{"taxonomy":"category","embeddable":true,"href":"https:\/\/www.associationdemarie.org\/blog\/wp-json\/wp\/v2\/categories?post=26176"},{"taxonomy":"post_tag","embeddable":true,"href":"https:\/\/www.associationdemarie.org\/blog\/wp-json\/wp\/v2\/tags?post=26176"}],"curies":[{"name":"wp","href":"https:\/\/api.w.org\/{rel}","templated":true}]}}