{"id":26167,"date":"2025-12-01T01:15:15","date_gmt":"2025-12-01T00:15:15","guid":{"rendered":"http:\/\/www.associationdemarie.org\/blog\/?p=26167"},"modified":"2025-11-17T08:17:42","modified_gmt":"2025-11-17T07:17:42","slug":"la-terre-entiere-sera-remplie-de-la-majeste-de-dieu","status":"publish","type":"post","link":"https:\/\/www.associationdemarie.org\/blog\/la-terre-entiere-sera-remplie-de-la-majeste-de-dieu\/","title":{"rendered":"La terre enti\u00e8re sera remplie de la majest\u00e9 de Dieu"},"content":{"rendered":"\n<figure class=\"wp-block-image\"><img loading=\"lazy\" decoding=\"async\" width=\"888\" height=\"894\" src=\"https:\/\/www.associationdemarie.org\/blog\/wp-content\/uploads\/2025\/11\/1-12.jpg\" alt=\"\" class=\"wp-image-26168\" srcset=\"https:\/\/www.associationdemarie.org\/blog\/wp-content\/uploads\/2025\/11\/1-12.jpg 888w, https:\/\/www.associationdemarie.org\/blog\/wp-content\/uploads\/2025\/11\/1-12-150x150.jpg 150w, https:\/\/www.associationdemarie.org\/blog\/wp-content\/uploads\/2025\/11\/1-12-298x300.jpg 298w, https:\/\/www.associationdemarie.org\/blog\/wp-content\/uploads\/2025\/11\/1-12-768x773.jpg 768w\" sizes=\"auto, (max-width: 888px) 100vw, 888px\" \/><\/figure>\n\n\n\n<p>Un jour le Sauveur doit venir pour refaire la force de notre corps, comme le dit l&rsquo;ap\u00f4tre Paul : \u00ab Nous attendons comme sauveur le Seigneur J\u00e9sus Christ, lui qui transformera nos pauvres corps \u00e0 l&rsquo;image de son corps glorieux \u00bb (Ph 3,20-21)&#8230;<\/p>\n\n\n\n<p>\u00a0Le Dieu Sabaoth, le Seigneur des puissances, le Roi de gloire, viendra du ciel transformer lui-m\u00eame nos corps, pour les rendre semblables \u00e0 son corps glorieux. Quelle gloire, quelle joie quand le Cr\u00e9ateur de l&rsquo;univers, qui s&rsquo;\u00e9tait cach\u00e9 sous une apparence tout humble quand il est venu nous racheter, appara\u00eetra dans toute sa gloire et sa majest\u00e9&#8230;, \u00e0 tous les regards, pour glorifier nos corps de mis\u00e8re ! Qui se rappellera alors l&rsquo;humilit\u00e9 de son premier av\u00e8nement, quand on le verra descendre dans la lumi\u00e8re, pr\u00e9c\u00e9d\u00e9 des anges qui tireront notre corps de la poussi\u00e8re, au son de la trompette, pour l&rsquo;enlever ensuite au-devant du Christ ? (1Th 4,16s)&#8230;<\/p>\n\n\n\n<p>Que notre \u00e2me se r\u00e9jouisse donc et que notre corps repose dans l&rsquo;esp\u00e9rance en attendant notre Sauveur et Seigneur J\u00e9sus Christ qui le transformera pour le rendre semblable \u00e0 son corps de gloire. Un proph\u00e8te \u00e9crit : \u00ab Si mon \u00e2me a soif de toi, combien plus mon corps ne te d\u00e9sire aussi ! \u00bb (Ps 62,2 Vulg) L&rsquo;\u00e2me de ce proph\u00e8te appelait de tous ses v\u0153ux le premier av\u00e8nement du Sauveur qui devait le racheter ; mais sa chair appelait encore plus vivement le dernier av\u00e8nement o\u00f9 elle doit \u00eatre glorifi\u00e9e. C&rsquo;est alors que tous nos v\u0153ux seront combl\u00e9s : la terre enti\u00e8re sera remplie de la majest\u00e9 de Dieu. Puisse la mis\u00e9ricorde de Dieu nous conduire \u00e0 cette gloire, \u00e0 ce bonheur, \u00e0 cette paix qui d\u00e9passe tout ce qu&rsquo;on peut imaginer (Ph 4,7) et que notre Seigneur J\u00e9sus Christ ne permette pas que notre attente ardente de notre Sauveur soit d\u00e9\u00e7ue.<\/p>\n\n\n\n<h4 class=\"wp-block-heading\">Saint Bernard (1091-1153)<\/h4>\n","protected":false},"excerpt":{"rendered":"<p>Un jour le Sauveur doit venir pour refaire la force de notre corps, comme le dit l&rsquo;ap\u00f4tre Paul : \u00ab Nous attendons comme sauveur le Seigneur J\u00e9sus Christ, lui qui transformera nos pauvres corps \u00e0 l&rsquo;image de son corps glorieux \u00bb (Ph 3,20-21)&#8230; \u00a0Le Dieu Sabaoth, le Seigneur des puissances, le Roi de gloire, viendra [&hellip;]<\/p>\n","protected":false},"author":2,"featured_media":0,"comment_status":"closed","ping_status":"closed","sticky":false,"template":"","format":"standard","meta":{"footnotes":""},"categories":[13,1261],"tags":[451,1017],"class_list":["post-26167","post","type-post","status-publish","format-standard","hentry","category-ecritures","category-enseignement-2","tag-gloire-a-dieu","tag-st-bernard"],"_links":{"self":[{"href":"https:\/\/www.associationdemarie.org\/blog\/wp-json\/wp\/v2\/posts\/26167","targetHints":{"allow":["GET"]}}],"collection":[{"href":"https:\/\/www.associationdemarie.org\/blog\/wp-json\/wp\/v2\/posts"}],"about":[{"href":"https:\/\/www.associationdemarie.org\/blog\/wp-json\/wp\/v2\/types\/post"}],"author":[{"embeddable":true,"href":"https:\/\/www.associationdemarie.org\/blog\/wp-json\/wp\/v2\/users\/2"}],"replies":[{"embeddable":true,"href":"https:\/\/www.associationdemarie.org\/blog\/wp-json\/wp\/v2\/comments?post=26167"}],"version-history":[{"count":1,"href":"https:\/\/www.associationdemarie.org\/blog\/wp-json\/wp\/v2\/posts\/26167\/revisions"}],"predecessor-version":[{"id":26169,"href":"https:\/\/www.associationdemarie.org\/blog\/wp-json\/wp\/v2\/posts\/26167\/revisions\/26169"}],"wp:attachment":[{"href":"https:\/\/www.associationdemarie.org\/blog\/wp-json\/wp\/v2\/media?parent=26167"}],"wp:term":[{"taxonomy":"category","embeddable":true,"href":"https:\/\/www.associationdemarie.org\/blog\/wp-json\/wp\/v2\/categories?post=26167"},{"taxonomy":"post_tag","embeddable":true,"href":"https:\/\/www.associationdemarie.org\/blog\/wp-json\/wp\/v2\/tags?post=26167"}],"curies":[{"name":"wp","href":"https:\/\/api.w.org\/{rel}","templated":true}]}}