{"id":26164,"date":"2025-11-30T01:54:31","date_gmt":"2025-11-30T00:54:31","guid":{"rendered":"http:\/\/www.associationdemarie.org\/blog\/?p=26164"},"modified":"2025-11-16T08:57:07","modified_gmt":"2025-11-16T07:57:07","slug":"premier-dimanche-de-lavent-7","status":"publish","type":"post","link":"https:\/\/www.associationdemarie.org\/blog\/premier-dimanche-de-lavent-7\/","title":{"rendered":"Premier Dimanche de l&rsquo;Avent"},"content":{"rendered":"\n<figure class=\"wp-block-image\"><img loading=\"lazy\" decoding=\"async\" width=\"1024\" height=\"576\" src=\"https:\/\/www.associationdemarie.org\/blog\/wp-content\/uploads\/2025\/11\/30-11-1024x576.jpeg\" alt=\"\" class=\"wp-image-26165\" srcset=\"https:\/\/www.associationdemarie.org\/blog\/wp-content\/uploads\/2025\/11\/30-11-1024x576.jpeg 1024w, https:\/\/www.associationdemarie.org\/blog\/wp-content\/uploads\/2025\/11\/30-11-300x169.jpeg 300w, https:\/\/www.associationdemarie.org\/blog\/wp-content\/uploads\/2025\/11\/30-11-768x432.jpeg 768w, https:\/\/www.associationdemarie.org\/blog\/wp-content\/uploads\/2025\/11\/30-11.jpeg 1500w\" sizes=\"auto, (max-width: 1024px) 100vw, 1024px\" \/><\/figure>\n\n\n\n<p> \u00ab\u00a0Mon Dieu, venez \u00e0 mon aide, h\u00e2tez-vous, Seigneur, de me secourir\u00a0!\u00a0\u00bb (Ps 69,2) Ce verset doit \u00eatre notre constante pri\u00e8re\u00a0: dans l\u2019adversit\u00e9, pour en \u00eatre d\u00e9livr\u00e9s\u00a0; dans la prosp\u00e9rit\u00e9, pour y \u00eatre maintenus, et pr\u00e9serv\u00e9s de l\u2019orgueil. Oui, qu\u2019il soit l\u2019occupation continuelle de votre c\u0153ur\u00a0!<\/p>\n\n\n\n<p>Au travail, dans vos divers offices, en voyage, ne vous pas lassez pas de le r\u00e9p\u00e9ter. Soit que vous mangiez, soit que vous dormiez, dans tous les assujettissements de la nature, m\u00e9ditez-le. Cette pens\u00e9e vous deviendra une formule de salut, qui non seulement vous gardera contre toutes les attaques des d\u00e9mons, mais encore vous purifiera de tout vice et de toute impuret\u00e9 terrestre, et par l\u00e0 vous \u00e9l\u00e8vera jusqu\u2019\u00e0 la contemplation des choses c\u00e9lestes et invisibles, \u00e0 cette ardeur ineffable de pri\u00e8re que si peu connaissent d\u2019exp\u00e9rience. Que le sommeil vous ferme les yeux sur ces paroles, tant qu\u2019\u00e0 force de les redire, vous preniez l\u2019habitude de les r\u00e9p\u00e9ter m\u00eame en dormant. Qu\u2019elles soient, au r\u00e9veil, la premi\u00e8re choses qui se pr\u00e9sente \u00e0 votre esprit, avant toute autre pens\u00e9e. Dites-les \u00e0 genoux, au sortir du lit, et qu\u2019elles vous accompagnent ensuite en toutes vos actions, sans vous quitter jamais. Vous les m\u00e9diterez, selon le pr\u00e9cepte de Mo\u00efse, \u00ab\u00a0assis dans votre maison et marchant par les chemins\u00a0\u00bb (Dt 6,7 LXX), en dormant et en vous levant. Vous les \u00e9crirez sur vos l\u00e8vres, vous les graverez sur les murs de votre maison et dans le sanctuaire de votre c\u0153ur\u00a0: en sorte qu\u2019elles vous accompagnent comme votre unique refrain, lorsque vous vous prosternerez pour l\u2019oraison, et quand, ensuite, vous vous rel\u00e8verez pour suivre le train ordinaire de la vie, comme votre constante pri\u00e8re.<\/p>\n\n\n\n<p> Oui, que l\u2019\u00e2me retienne incessamment cette parole, tant que, \u00e0 force de la redire et m\u00e9diter sans tr\u00eave, elle ait acquis la fermet\u00e9 de refuser et rejeter loin de soi les richesses et les amples avoirs de toutes sortes de pens\u00e9es, et que restreinte ainsi \u00e0 la pauvret\u00e9 de cet humble verset, elle parvienne par une pente facile, \u00e0 la b\u00e9atitude \u00e9vang\u00e9lique.<\/p>\n\n\n\n<h4 class=\"wp-block-heading\">Saint Jean Cassien (v. 360-435)<\/h4>\n","protected":false},"excerpt":{"rendered":"<p>\u00ab\u00a0Mon Dieu, venez \u00e0 mon aide, h\u00e2tez-vous, Seigneur, de me secourir\u00a0!\u00a0\u00bb (Ps 69,2) Ce verset doit \u00eatre notre constante pri\u00e8re\u00a0: dans l\u2019adversit\u00e9, pour en \u00eatre d\u00e9livr\u00e9s\u00a0; dans la prosp\u00e9rit\u00e9, pour y \u00eatre maintenus, et pr\u00e9serv\u00e9s de l\u2019orgueil. Oui, qu\u2019il soit l\u2019occupation continuelle de votre c\u0153ur\u00a0! Au travail, dans vos divers offices, en voyage, ne vous [&hellip;]<\/p>\n","protected":false},"author":2,"featured_media":0,"comment_status":"closed","ping_status":"closed","sticky":false,"template":"","format":"standard","meta":{"footnotes":""},"categories":[3],"tags":[127,1303],"class_list":["post-26164","post","type-post","status-publish","format-standard","hentry","category-liturgique","tag-avent","tag-st-jean-cassien"],"_links":{"self":[{"href":"https:\/\/www.associationdemarie.org\/blog\/wp-json\/wp\/v2\/posts\/26164","targetHints":{"allow":["GET"]}}],"collection":[{"href":"https:\/\/www.associationdemarie.org\/blog\/wp-json\/wp\/v2\/posts"}],"about":[{"href":"https:\/\/www.associationdemarie.org\/blog\/wp-json\/wp\/v2\/types\/post"}],"author":[{"embeddable":true,"href":"https:\/\/www.associationdemarie.org\/blog\/wp-json\/wp\/v2\/users\/2"}],"replies":[{"embeddable":true,"href":"https:\/\/www.associationdemarie.org\/blog\/wp-json\/wp\/v2\/comments?post=26164"}],"version-history":[{"count":1,"href":"https:\/\/www.associationdemarie.org\/blog\/wp-json\/wp\/v2\/posts\/26164\/revisions"}],"predecessor-version":[{"id":26166,"href":"https:\/\/www.associationdemarie.org\/blog\/wp-json\/wp\/v2\/posts\/26164\/revisions\/26166"}],"wp:attachment":[{"href":"https:\/\/www.associationdemarie.org\/blog\/wp-json\/wp\/v2\/media?parent=26164"}],"wp:term":[{"taxonomy":"category","embeddable":true,"href":"https:\/\/www.associationdemarie.org\/blog\/wp-json\/wp\/v2\/categories?post=26164"},{"taxonomy":"post_tag","embeddable":true,"href":"https:\/\/www.associationdemarie.org\/blog\/wp-json\/wp\/v2\/tags?post=26164"}],"curies":[{"name":"wp","href":"https:\/\/api.w.org\/{rel}","templated":true}]}}