{"id":26158,"date":"2025-11-28T01:45:32","date_gmt":"2025-11-28T00:45:32","guid":{"rendered":"http:\/\/www.associationdemarie.org\/blog\/?p=26158"},"modified":"2025-11-14T08:48:31","modified_gmt":"2025-11-14T07:48:31","slug":"lete-est-deja-proche-2","status":"publish","type":"post","link":"https:\/\/www.associationdemarie.org\/blog\/lete-est-deja-proche-2\/","title":{"rendered":"\u00ab L&rsquo;\u00e9t\u00e9 est d\u00e9j\u00e0 proche. \u00bb"},"content":{"rendered":"\n<figure class=\"wp-block-image\"><img loading=\"lazy\" decoding=\"async\" width=\"930\" height=\"620\" src=\"https:\/\/www.associationdemarie.org\/blog\/wp-content\/uploads\/2025\/11\/28-11.jpg\" alt=\"\" class=\"wp-image-26159\" srcset=\"https:\/\/www.associationdemarie.org\/blog\/wp-content\/uploads\/2025\/11\/28-11.jpg 930w, https:\/\/www.associationdemarie.org\/blog\/wp-content\/uploads\/2025\/11\/28-11-300x200.jpg 300w, https:\/\/www.associationdemarie.org\/blog\/wp-content\/uploads\/2025\/11\/28-11-768x512.jpg 768w\" sizes=\"auto, (max-width: 930px) 100vw, 930px\" \/><\/figure>\n\n\n\n<p>\u00ab Fais-moi conna\u00eetre, Seigneur, ma fin, et quel est le nombre de mes jours pour que je sache ce qui me manque. \u00bb (Ps 38,5) Si tu me faisais conna\u00eetre ma fin, dit le psalmiste, et si tu me faisais conna\u00eetre quel est le nombre de mes jours, je pourrai par l\u00e0-m\u00eame savoir ce qui me manque. Ou peut-\u00eatre, par ces mots, il semble encore indiquer ceci : tout m\u00e9tier a une fin ; par exemple la fin d&rsquo;une entreprise de construction, c&rsquo;est de faire une maison ; la fComme notre organisme corporel, petit et r\u00e9duit au d\u00e9but de sa naissance, pousse pourtant et tend au terme de sa grandeur en croissant en \u00e2ge, et encore comme notre \u00e2me (&#8230;) re\u00e7oit un langage d&rsquo;abord balbutiant, puis dans la suite plus clair, pour arriver enfin \u00e0 une mani\u00e8re de s&rsquo;exprimer parfaite et correcte, de cette fa\u00e7on aussi toute notre vie commence \u00e0 pr\u00e9sent, certes, comme balbutiante parmi les hommes sur la terre, mais elle est achev\u00e9e et parvient \u00e0 son sommet dans les cieux pr\u00e8s de Dieu.<\/p>\n\n\n\n<p>Comme notre organisme corporel, petit et r\u00e9duit au d\u00e9but de sa naissance, pousse pourtant et tend au terme de sa grandeur en croissant en \u00e2ge, et encore comme notre \u00e2me (&#8230;) re\u00e7oit un langage d&rsquo;abord balbutiant, puis dans la suite plus clair, pour arriver enfin \u00e0 une mani\u00e8re de s&rsquo;exprimer parfaite et correcte, de cette fa\u00e7on aussi toute notre vie commence \u00e0 pr\u00e9sent, certes, comme balbutiante parmi les hommes sur la terre, mais elle est achev\u00e9e et parvient \u00e0 son sommet dans les cieux pr\u00e8s de Dieu.<\/p>\n\n\n\n<p>Pour ce motif, le proph\u00e8te d\u00e9sire donc conna\u00eetre la fin pour laquelle il a \u00e9t\u00e9 fait, pour qu&rsquo;en regardant la fin, en examinant ses jours et en consid\u00e9rant sa perfection, il voie ce qui lui manque par rapport \u00e0 cette fin o\u00f9 il tend. (&#8230;) C&rsquo;est comme si ceux qui sont sortis d&rsquo;\u00c9gypte avaient dit : \u00ab Fais-moi conna\u00eetre, Seigneur, ma fin \u00bb qui est une terre bonne et une terre sainte, \u00ab et le nombre de mes jours \u00bb o\u00f9 je marche, \u00ab pour que je sache ce qui me manque \u00bb, combien il m&rsquo;en reste jusqu&rsquo;\u00e0 ce que je parvienne \u00e0 la terre sainte qui m&rsquo;est promise.<\/p>\n\n\n\n<h4 class=\"wp-block-heading\">Orig\u00e8ne (v. 185-253)<\/h4>\n","protected":false},"excerpt":{"rendered":"<p>\u00ab Fais-moi conna\u00eetre, Seigneur, ma fin, et quel est le nombre de mes jours pour que je sache ce qui me manque. \u00bb (Ps 38,5) Si tu me faisais conna\u00eetre ma fin, dit le psalmiste, et si tu me faisais conna\u00eetre quel est le nombre de mes jours, je pourrai par l\u00e0-m\u00eame savoir ce qui [&hellip;]<\/p>\n","protected":false},"author":2,"featured_media":0,"comment_status":"closed","ping_status":"closed","sticky":false,"template":"","format":"standard","meta":{"footnotes":""},"categories":[16],"tags":[263,379,742],"class_list":["post-26158","post","type-post","status-publish","format-standard","hentry","category-jardins-de-la-bible","tag-corps","tag-ete","tag-origene"],"_links":{"self":[{"href":"https:\/\/www.associationdemarie.org\/blog\/wp-json\/wp\/v2\/posts\/26158","targetHints":{"allow":["GET"]}}],"collection":[{"href":"https:\/\/www.associationdemarie.org\/blog\/wp-json\/wp\/v2\/posts"}],"about":[{"href":"https:\/\/www.associationdemarie.org\/blog\/wp-json\/wp\/v2\/types\/post"}],"author":[{"embeddable":true,"href":"https:\/\/www.associationdemarie.org\/blog\/wp-json\/wp\/v2\/users\/2"}],"replies":[{"embeddable":true,"href":"https:\/\/www.associationdemarie.org\/blog\/wp-json\/wp\/v2\/comments?post=26158"}],"version-history":[{"count":1,"href":"https:\/\/www.associationdemarie.org\/blog\/wp-json\/wp\/v2\/posts\/26158\/revisions"}],"predecessor-version":[{"id":26160,"href":"https:\/\/www.associationdemarie.org\/blog\/wp-json\/wp\/v2\/posts\/26158\/revisions\/26160"}],"wp:attachment":[{"href":"https:\/\/www.associationdemarie.org\/blog\/wp-json\/wp\/v2\/media?parent=26158"}],"wp:term":[{"taxonomy":"category","embeddable":true,"href":"https:\/\/www.associationdemarie.org\/blog\/wp-json\/wp\/v2\/categories?post=26158"},{"taxonomy":"post_tag","embeddable":true,"href":"https:\/\/www.associationdemarie.org\/blog\/wp-json\/wp\/v2\/tags?post=26158"}],"curies":[{"name":"wp","href":"https:\/\/api.w.org\/{rel}","templated":true}]}}