{"id":26122,"date":"2025-11-16T01:27:13","date_gmt":"2025-11-16T00:27:13","guid":{"rendered":"http:\/\/www.associationdemarie.org\/blog\/?p=26122"},"modified":"2025-11-02T08:29:44","modified_gmt":"2025-11-02T07:29:44","slug":"nayez-de-crainte-que-pour-le-dieu-vivant","status":"publish","type":"post","link":"https:\/\/www.associationdemarie.org\/blog\/nayez-de-crainte-que-pour-le-dieu-vivant\/","title":{"rendered":"N\u2019ayez de crainte que pour le Dieu vivant !"},"content":{"rendered":"\n<figure class=\"wp-block-image\"><img loading=\"lazy\" decoding=\"async\" width=\"640\" height=\"343\" src=\"https:\/\/www.associationdemarie.org\/blog\/wp-content\/uploads\/2025\/11\/16-11-JP-II-nayez-pas-peur-b.jpg\" alt=\"\" class=\"wp-image-26123\" srcset=\"https:\/\/www.associationdemarie.org\/blog\/wp-content\/uploads\/2025\/11\/16-11-JP-II-nayez-pas-peur-b.jpg 640w, https:\/\/www.associationdemarie.org\/blog\/wp-content\/uploads\/2025\/11\/16-11-JP-II-nayez-pas-peur-b-300x161.jpg 300w\" sizes=\"auto, (max-width: 640px) 100vw, 640px\" \/><\/figure>\n\n\n\n<p> \u00ab\u00a0R\u00e9jouissez-vous sans cesse dans le Seigneur\u00a0\u00bb (Ph 4,4). Et pourquoi, en effet, n\u2019\u00eates-vous pas remplis de joie et ne marchez-vous pas dans l\u2019all\u00e9gresse, puisque vous avez \u00e9t\u00e9 jug\u00e9s dignes d\u2019\u00eatre attir\u00e9s en cet \u00e9tat \u00e9vang\u00e9lique par l\u2019appel qui discerne et qui pr\u00e9destine (cf. Rm 8,29-30), appel du Dieu qui gouverne toutes choses par sa sagesse\u00a0?<\/p>\n\n\n\n<p>Et maintenant que par l\u2019\u00e9l\u00e9vation de votre genre de vie vous voil\u00e0 comme sur un promontoire, jetez vos regards sur la vie mis\u00e9rable et rampante des hommes\u00a0: elle est comme ballott\u00e9e par la mer, projet\u00e9e ici et l\u00e0 par le mouvement incertain des affaires. En v\u00e9rit\u00e9, rien ne dure, rien ne demeure dans le m\u00eame \u00e9tat, vous le voyez bien\u00a0; mais m\u00eame les rois passent, les princes tombent, les puissants ma\u00eetres de la terre meurent comme de simples mortel (cf. Ps 81,7)\u00a0; et ceux qui ont \u00e9t\u00e9 mari\u00e9s quelque temps se s\u00e9parent, qu\u2019ils abandonnent leur conjoint ou qu\u2019ils en soient abandonn\u00e9s. La beaut\u00e9 est bient\u00f4t fl\u00e9trie, la jeunesse est \u00e9ph\u00e9m\u00e8re, le plaisir est fugace\u00a0; la richesse se dissipe et toue possession, comme le r\u00eave d\u2019une ombre, s\u2019\u00e9loigne de ceux qui pensent la retenir. On ne trouve que lamentation et deuil dans l\u2019adversit\u00e9 et le revers des mortels. (\u2026) Et presque personne ne lutte pour ce qui est stable et durable (\u2026). Mais vous mes fr\u00e8res, oh\u00a0! Comment et o\u00f9 avez-vous \u00e9t\u00e9 appel\u00e9s, et comment \u00eates-vous mont\u00e9s sur la montagne du Seigneur (cf. Ps 23,3)\u00a0? Comment contemplez-vous les merveilles de la vie c\u00e9leste\u00a0? (\u2026)<\/p>\n\n\n\n<p>Plaise donc au Dieu qui vous a fait monter jusqu\u2019\u00e0 ce promontoire, de vous rendre forts et de vous affermir pour que vous fassiez toujours de qui lui pla\u00eet dans la saintet\u00e9 et la justice (cf. Lc 1,75) (\u2026). N\u2019ayez donc de crainte que pour le Dieu vivant (cf. Lc 12,5\u00a0; Ap 14,7), mes enfants\u00a0!<\/p>\n\n\n\n<h4 class=\"wp-block-heading\">Saint Th\u00e9odore le Studite (759-826)<\/h4>\n","protected":false},"excerpt":{"rendered":"<p>\u00ab\u00a0R\u00e9jouissez-vous sans cesse dans le Seigneur\u00a0\u00bb (Ph 4,4). Et pourquoi, en effet, n\u2019\u00eates-vous pas remplis de joie et ne marchez-vous pas dans l\u2019all\u00e9gresse, puisque vous avez \u00e9t\u00e9 jug\u00e9s dignes d\u2019\u00eatre attir\u00e9s en cet \u00e9tat \u00e9vang\u00e9lique par l\u2019appel qui discerne et qui pr\u00e9destine (cf. Rm 8,29-30), appel du Dieu qui gouverne toutes choses par sa sagesse\u00a0? [&hellip;]<\/p>\n","protected":false},"author":2,"featured_media":0,"comment_status":"closed","ping_status":"closed","sticky":false,"template":"","format":"standard","meta":{"footnotes":""},"categories":[13,1261],"tags":[252,1227,1253,1430],"class_list":["post-26122","post","type-post","status-publish","format-standard","hentry","category-ecritures","category-enseignement-2","tag-confiance","tag-peur","tag-st-jean-paul-2","tag-st-theodore-le-studite"],"_links":{"self":[{"href":"https:\/\/www.associationdemarie.org\/blog\/wp-json\/wp\/v2\/posts\/26122","targetHints":{"allow":["GET"]}}],"collection":[{"href":"https:\/\/www.associationdemarie.org\/blog\/wp-json\/wp\/v2\/posts"}],"about":[{"href":"https:\/\/www.associationdemarie.org\/blog\/wp-json\/wp\/v2\/types\/post"}],"author":[{"embeddable":true,"href":"https:\/\/www.associationdemarie.org\/blog\/wp-json\/wp\/v2\/users\/2"}],"replies":[{"embeddable":true,"href":"https:\/\/www.associationdemarie.org\/blog\/wp-json\/wp\/v2\/comments?post=26122"}],"version-history":[{"count":1,"href":"https:\/\/www.associationdemarie.org\/blog\/wp-json\/wp\/v2\/posts\/26122\/revisions"}],"predecessor-version":[{"id":26124,"href":"https:\/\/www.associationdemarie.org\/blog\/wp-json\/wp\/v2\/posts\/26122\/revisions\/26124"}],"wp:attachment":[{"href":"https:\/\/www.associationdemarie.org\/blog\/wp-json\/wp\/v2\/media?parent=26122"}],"wp:term":[{"taxonomy":"category","embeddable":true,"href":"https:\/\/www.associationdemarie.org\/blog\/wp-json\/wp\/v2\/categories?post=26122"},{"taxonomy":"post_tag","embeddable":true,"href":"https:\/\/www.associationdemarie.org\/blog\/wp-json\/wp\/v2\/tags?post=26122"}],"curies":[{"name":"wp","href":"https:\/\/api.w.org\/{rel}","templated":true}]}}