{"id":26119,"date":"2025-11-15T01:23:59","date_gmt":"2025-11-15T00:23:59","guid":{"rendered":"http:\/\/www.associationdemarie.org\/blog\/?p=26119"},"modified":"2025-11-01T08:26:21","modified_gmt":"2025-11-01T07:26:21","slug":"seigneur-et-maitre-ecoute-nos-prieres","status":"publish","type":"post","link":"https:\/\/www.associationdemarie.org\/blog\/seigneur-et-maitre-ecoute-nos-prieres\/","title":{"rendered":"Seigneur et Ma\u00eetre, \u00e9coute nos pri\u00e8res !"},"content":{"rendered":"\n<figure class=\"wp-block-image\"><img loading=\"lazy\" decoding=\"async\" width=\"1024\" height=\"1024\" src=\"https:\/\/www.associationdemarie.org\/blog\/wp-content\/uploads\/2025\/11\/15-11-1024x1024.jpg\" alt=\"\" class=\"wp-image-26120\" srcset=\"https:\/\/www.associationdemarie.org\/blog\/wp-content\/uploads\/2025\/11\/15-11-1024x1024.jpg 1024w, https:\/\/www.associationdemarie.org\/blog\/wp-content\/uploads\/2025\/11\/15-11-150x150.jpg 150w, https:\/\/www.associationdemarie.org\/blog\/wp-content\/uploads\/2025\/11\/15-11-300x300.jpg 300w, https:\/\/www.associationdemarie.org\/blog\/wp-content\/uploads\/2025\/11\/15-11-768x768.jpg 768w, https:\/\/www.associationdemarie.org\/blog\/wp-content\/uploads\/2025\/11\/15-11.jpg 1080w\" sizes=\"auto, (max-width: 1024px) 100vw, 1024px\" \/><\/figure>\n\n\n\n<p>Dans la pri\u00e8re et la supplication, nous demanderons que celui qui ordonne toutes choses conserve intact, et de par le monde entier, le nombre compt\u00e9 de ses \u00e9lus, par son Fils bien-aim\u00e9 J\u00e9sus Christ\u00a0: en lui, il nous a appel\u00e9s des t\u00e9n\u00e8bres \u00e0 la lumi\u00e8re, de l\u2019ignorance \u00e0 la connaissance de sa gloire, pour que nous esp\u00e9rions, Seigneur, en ton nom, car il est le fondement de toute la cr\u00e9ation. (\u2026)<\/p>\n\n\n\n<p>  Par tes \u0153uvres, tu as manifest\u00e9 l\u2019\u00e9ternelle ordonnance du monde, Seigneur, Cr\u00e9ateur de l\u2019univers. Tu demeures le m\u00eame, \u00e0 travers toutes les g\u00e9n\u00e9rations\u00a0: juste dans tes jugements, admirable dans ta force et ta magnificence, plein de sagesse quand tu cr\u00e9es, avis\u00e9 pour affermir tout \u00eatre dans l\u2019existence, toi qui manifestes ta bont\u00e9 envers toutes choses visibles, ta fid\u00e9lit\u00e9 envers ceux qui se fient en toi, toi le mis\u00e9ricordieux, le compatissant.<\/p>\n\n\n\n<p> Remets-nous nos transgressions, nos erreurs, nos chutes, nos faiblesses. Ne porte pas en compte les p\u00e9ch\u00e9s de tes serviteurs et de tes servantes, mais purifie-nous par le bain de ta v\u00e9rit\u00e9, et dirige nos pas, pour que nous marchions dans la saintet\u00e9 du c\u0153ur, que nous fassions ce qui est bon et agr\u00e9able \u00e0 tes yeux comme aux yeux de nos gouvernants.<\/p>\n\n\n\n<p>Oui, Ma\u00eetre, fais briller sur nous ton visage, pour nous accorder tout bien, dans la paix, pour nous prot\u00e9ger par ta main puissante, nous arracher de tout mal par la force de ton bras et nous soustraire \u00e0 la haine injuste de nos ennemis. \u00c0 nous comme \u00e0 tous les habitants de la terre, Seigneur, donne la concorde et la paix, comme tu l\u2019as fait jadis pour nos p\u00e8res lorsqu\u2019ils t\u2019invoquaient pieusement, en toute confiance et droiture de c\u0153ur.<\/p>\n\n\n\n<h4 class=\"wp-block-heading\">Saint Cl\u00e9ment de Rome<\/h4>\n","protected":false},"excerpt":{"rendered":"<p>Dans la pri\u00e8re et la supplication, nous demanderons que celui qui ordonne toutes choses conserve intact, et de par le monde entier, le nombre compt\u00e9 de ses \u00e9lus, par son Fils bien-aim\u00e9 J\u00e9sus Christ\u00a0: en lui, il nous a appel\u00e9s des t\u00e9n\u00e8bres \u00e0 la lumi\u00e8re, de l\u2019ignorance \u00e0 la connaissance de sa gloire, pour que [&hellip;]<\/p>\n","protected":false},"author":2,"featured_media":0,"comment_status":"closed","ping_status":"closed","sticky":false,"template":"","format":"standard","meta":{"footnotes":""},"categories":[13,1261],"tags":[1388,1555],"class_list":["post-26119","post","type-post","status-publish","format-standard","hentry","category-ecritures","category-enseignement-2","tag-prieres","tag-st-clement-de-rome"],"_links":{"self":[{"href":"https:\/\/www.associationdemarie.org\/blog\/wp-json\/wp\/v2\/posts\/26119","targetHints":{"allow":["GET"]}}],"collection":[{"href":"https:\/\/www.associationdemarie.org\/blog\/wp-json\/wp\/v2\/posts"}],"about":[{"href":"https:\/\/www.associationdemarie.org\/blog\/wp-json\/wp\/v2\/types\/post"}],"author":[{"embeddable":true,"href":"https:\/\/www.associationdemarie.org\/blog\/wp-json\/wp\/v2\/users\/2"}],"replies":[{"embeddable":true,"href":"https:\/\/www.associationdemarie.org\/blog\/wp-json\/wp\/v2\/comments?post=26119"}],"version-history":[{"count":1,"href":"https:\/\/www.associationdemarie.org\/blog\/wp-json\/wp\/v2\/posts\/26119\/revisions"}],"predecessor-version":[{"id":26121,"href":"https:\/\/www.associationdemarie.org\/blog\/wp-json\/wp\/v2\/posts\/26119\/revisions\/26121"}],"wp:attachment":[{"href":"https:\/\/www.associationdemarie.org\/blog\/wp-json\/wp\/v2\/media?parent=26119"}],"wp:term":[{"taxonomy":"category","embeddable":true,"href":"https:\/\/www.associationdemarie.org\/blog\/wp-json\/wp\/v2\/categories?post=26119"},{"taxonomy":"post_tag","embeddable":true,"href":"https:\/\/www.associationdemarie.org\/blog\/wp-json\/wp\/v2\/tags?post=26119"}],"curies":[{"name":"wp","href":"https:\/\/api.w.org\/{rel}","templated":true}]}}