{"id":26116,"date":"2025-11-14T01:21:57","date_gmt":"2025-11-14T00:21:57","guid":{"rendered":"http:\/\/www.associationdemarie.org\/blog\/?p=26116"},"modified":"2025-10-31T08:24:51","modified_gmt":"2025-10-31T07:24:51","slug":"comme-dans-les-jours-de-noe-2","status":"publish","type":"post","link":"https:\/\/www.associationdemarie.org\/blog\/comme-dans-les-jours-de-noe-2\/","title":{"rendered":"\u00ab Comme dans les jours de No\u00e9 \u00bb"},"content":{"rendered":"\n<div class=\"wp-block-image\"><figure class=\"alignleft\"><img loading=\"lazy\" decoding=\"async\" width=\"201\" height=\"251\" src=\"https:\/\/www.associationdemarie.org\/blog\/wp-content\/uploads\/2025\/10\/14-11.jpeg\" alt=\"\" class=\"wp-image-26117\"\/><\/figure><\/div>\n\n\n\n<p>Le sage No\u00e9 s&#8217;embarqua dans l&rsquo;arche sur l&rsquo;ordre de Dieu, avec ses fils et leurs femmes. Sans cesser de g\u00e9mir, ce serviteur priait ainsi\u00a0: \u00ab\u00a0Ne me fais pas p\u00e9rir avec les p\u00e9cheurs, mon Sauveur, car je vois d\u00e9j\u00e0 le chaos s&#8217;emparer de la cr\u00e9ation et les \u00e9l\u00e9ments sont \u00e9branl\u00e9s par la peur. (\u2026) Sur ces mots, Dieu ferma l&rsquo;arche et la scella, pendant que son fid\u00e8le criait\u00a0: \u00ab\u00a0Sauve tous les hommes de la col\u00e8re, par l&rsquo;amour que tu nous gardes, r\u00e9dempteur de l&rsquo;univers\u00a0\u00bb.<\/p>\n\n\n\n<p>Du haut du ciel le juge alors donne un ordre\u00a0; aussit\u00f4t s&rsquo;ouvrent les \u00e9cluses, pr\u00e9cipitant pluies, torrents d&rsquo;eau et gr\u00eale, d&rsquo;un bout du monde \u00e0 l&rsquo;autre. (\u2026)Tel fut l&rsquo;effet de la col\u00e8re de Dieu, parce que les humains avaient pers\u00e9v\u00e9r\u00e9 dans leur endurcissement et ne s&rsquo;\u00e9taient pas empress\u00e9s de lui crier avec foi\u00a0: \u00ab\u00a0Sauve tous les hommes de la col\u00e8re, par l&rsquo;amour que tu nous gardes, r\u00e9dempteur de l&rsquo;univers\u00a0\u00bb. (&#8230;)<\/p>\n\n\n\n<p> Le Cr\u00e9ateur aime voir ceux qu&rsquo;il a faits \u00e0 son image\u00a0; c&rsquo;est pourquoi il met \u00e0 part ses saints pour les sauver. No\u00e9 ouvrit, observa le ciel et s\u2019exclama\u00a0: \u00ab\u00a0Pas d\u2019abattement, prenez courage\u00a0!\u00a0\u00bb. Aussit\u00f4t le saint (\u2026) l\u00e2che la colombe et elle revient vers le soir avec un rameau d&rsquo;olivier dans le bec, qui annon\u00e7ait symboliquement la mis\u00e9ricorde de Dieu. Alors No\u00e9 sort de l&rsquo;arche, comme de sa tombe (\u2026) en disant\u00a0: \u00ab\u00a0Sauve tous les hommes de la col\u00e8re, par l&rsquo;amour que tu nous gardes, r\u00e9dempteur de l&rsquo;univers\u00a0\u00bb.<\/p>\n\n\n\n<p>  Mortes sont la corruption et l&rsquo;iniquit\u00e9\u00a0; l&rsquo;homme au c\u0153ur droit triomphe par sa foi, car il a trouv\u00e9 gr\u00e2ce. Alors le juste offrit au Seigneur un sacrifice sans tache avec forte supplication. Le Cr\u00e9ateur en respira l&rsquo;agr\u00e9able parfum et d\u00e9clara\u00a0: \u00ab\u00a0Jamais plus l&rsquo;univers ne p\u00e9rira dans un d\u00e9luge, m\u00eame si tous les hommes m\u00e8nent une vie mauvaise. Aujourd&rsquo;hui je conclus avec eux une alliance irr\u00e9vocable. Je montre mon arc \u00e0 tous les habitants de la terre pour leur servir de signe, afin qu&rsquo;ils m&rsquo;invoquent ainsi\u00a0: \u00ab\u00a0Sauve tous les hommes de la col\u00e8re, par l&rsquo;amour que tu nous gardes, r\u00e9dempteur de l&rsquo;univers\u00a0\u00bb.<\/p>\n\n\n\n<h4 class=\"wp-block-heading\">Saint Romanos le M\u00e9lode (?-v. 560)<\/h4>\n","protected":false},"excerpt":{"rendered":"<p>Le sage No\u00e9 s&#8217;embarqua dans l&rsquo;arche sur l&rsquo;ordre de Dieu, avec ses fils et leurs femmes. Sans cesser de g\u00e9mir, ce serviteur priait ainsi\u00a0: \u00ab\u00a0Ne me fais pas p\u00e9rir avec les p\u00e9cheurs, mon Sauveur, car je vois d\u00e9j\u00e0 le chaos s&#8217;emparer de la cr\u00e9ation et les \u00e9l\u00e9ments sont \u00e9branl\u00e9s par la peur. (\u2026) Sur ces [&hellip;]<\/p>\n","protected":false},"author":2,"featured_media":0,"comment_status":"closed","ping_status":"closed","sticky":false,"template":"","format":"standard","meta":{"footnotes":""},"categories":[1261],"tags":[1708,97,714,1077],"class_list":["post-26116","post","type-post","status-publish","format-standard","hentry","category-enseignement-2","tag-arc-en-ciel-2","tag-arche","tag-noe","tag-st-romanos-le-melode"],"_links":{"self":[{"href":"https:\/\/www.associationdemarie.org\/blog\/wp-json\/wp\/v2\/posts\/26116","targetHints":{"allow":["GET"]}}],"collection":[{"href":"https:\/\/www.associationdemarie.org\/blog\/wp-json\/wp\/v2\/posts"}],"about":[{"href":"https:\/\/www.associationdemarie.org\/blog\/wp-json\/wp\/v2\/types\/post"}],"author":[{"embeddable":true,"href":"https:\/\/www.associationdemarie.org\/blog\/wp-json\/wp\/v2\/users\/2"}],"replies":[{"embeddable":true,"href":"https:\/\/www.associationdemarie.org\/blog\/wp-json\/wp\/v2\/comments?post=26116"}],"version-history":[{"count":1,"href":"https:\/\/www.associationdemarie.org\/blog\/wp-json\/wp\/v2\/posts\/26116\/revisions"}],"predecessor-version":[{"id":26118,"href":"https:\/\/www.associationdemarie.org\/blog\/wp-json\/wp\/v2\/posts\/26116\/revisions\/26118"}],"wp:attachment":[{"href":"https:\/\/www.associationdemarie.org\/blog\/wp-json\/wp\/v2\/media?parent=26116"}],"wp:term":[{"taxonomy":"category","embeddable":true,"href":"https:\/\/www.associationdemarie.org\/blog\/wp-json\/wp\/v2\/categories?post=26116"},{"taxonomy":"post_tag","embeddable":true,"href":"https:\/\/www.associationdemarie.org\/blog\/wp-json\/wp\/v2\/tags?post=26116"}],"curies":[{"name":"wp","href":"https:\/\/api.w.org\/{rel}","templated":true}]}}