{"id":26101,"date":"2025-11-10T01:52:35","date_gmt":"2025-11-10T00:52:35","guid":{"rendered":"http:\/\/www.associationdemarie.org\/blog\/?p=26101"},"modified":"2025-10-27T07:54:42","modified_gmt":"2025-10-27T06:54:42","slug":"eclaire-moi-de-la-lumiere-de-la-tres-sainte-foi","status":"publish","type":"post","link":"https:\/\/www.associationdemarie.org\/blog\/eclaire-moi-de-la-lumiere-de-la-tres-sainte-foi\/","title":{"rendered":"\u00c9claire-moi de la lumi\u00e8re de la tr\u00e8s sainte foi !"},"content":{"rendered":"\n<figure class=\"wp-block-image\"><img loading=\"lazy\" decoding=\"async\" width=\"1024\" height=\"1024\" src=\"https:\/\/www.associationdemarie.org\/blog\/wp-content\/uploads\/2025\/10\/10-11-1024x1024.png\" alt=\"\" class=\"wp-image-26102\" srcset=\"https:\/\/www.associationdemarie.org\/blog\/wp-content\/uploads\/2025\/10\/10-11-1024x1024.png 1024w, https:\/\/www.associationdemarie.org\/blog\/wp-content\/uploads\/2025\/10\/10-11-150x150.png 150w, https:\/\/www.associationdemarie.org\/blog\/wp-content\/uploads\/2025\/10\/10-11-300x300.png 300w, https:\/\/www.associationdemarie.org\/blog\/wp-content\/uploads\/2025\/10\/10-11-768x768.png 768w, https:\/\/www.associationdemarie.org\/blog\/wp-content\/uploads\/2025\/10\/10-11.png 1400w\" sizes=\"auto, (max-width: 1024px) 100vw, 1024px\" \/><\/figure>\n\n\n\n<p> \u00d4 ab\u00eeme\u00a0! D\u00e9it\u00e9 \u00e9ternelle\u00a0! Oc\u00e9an sans fond\u00a0! Pouvais-tu me donner davantage que te donner toi-m\u00eame\u00a0? Tu es le feu qui br\u00fble toujours et jamais ne s\u2019\u00e9teint. Tu es le feu qui consume l\u2019amour-propre de l\u2019\u00e2me. Tu es le feu qui fond toute glace. Tu illumines. \u00c0 ta flamme j\u2019ai connu la v\u00e9rit\u00e9.<\/p>\n\n\n\n<p>  Tu es cette lumi\u00e8re au-dessus de toute lumi\u00e8re qui \u00e9claire surnaturellement l\u2019\u0153il de l\u2019intelligence, avec une telle abondance et une telle perfection que tu clarifies la lumi\u00e8re de la foi\u00a0; dans cette foi, je vois que mon \u00e2me a la vie, et dans cette lumi\u00e8re je te re\u00e7ois, toi, \u00f4 lumi\u00e8re. Par la lumi\u00e8re de la foi, je poss\u00e8de la sagesse dans la sagesse du Verbe\u00a0; par la lumi\u00e8re de la foi je suis forte, constante et pers\u00e9v\u00e9rante\u00a0; par la lumi\u00e8re de la foi j\u2019esp\u00e8re et je ne me laisse pas d\u00e9faillir en route. Cette lumi\u00e8re m\u2019enseigne la vraie voie\u00a0; sans elle, j\u2019irais dans les t\u00e9n\u00e8bres. Aussi te supplie-je, P\u00e8re \u00e9ternel, de m\u2019\u00e9clairer de la lumi\u00e8re de la tr\u00e8s sainte foi. (&#8230;)<\/p>\n\n\n\n<p>\u00d4 Trinit\u00e9 \u00e9ternelle, dans la lumi\u00e8re que tu m\u2019as donn\u00e9 avec la tr\u00e8s sainte foi, j\u2019ai connu la voie de la grande perfection. Tu me l\u2019as montr\u00e9e afin que je te serve dans la lumi\u00e8re et non dans les t\u00e9n\u00e8bres, que je sois un miroir de bonne et sainte vie et que je m\u2019arrache enfin \u00e0 la mis\u00e9rable existence que je m\u00e8ne, par ma faute, dans les t\u00e9n\u00e8bres. (\u2026) Rev\u00eats-moi, \u00f4 v\u00e9rit\u00e9 \u00e9ternelle, rev\u00eats-moi de toi afin que ma vie mortelle s\u2019\u00e9coule dans l\u2019ob\u00e9issance v\u00e9ritable et la lumi\u00e8re de la tr\u00e8s sainte foi dont tu as enivr\u00e9 mon \u00e2me.<\/p>\n\n\n\n<h4 class=\"wp-block-heading\">Sainte Catherine de Sienne (1347-1380)<\/h4>\n","protected":false},"excerpt":{"rendered":"<p>\u00d4 ab\u00eeme\u00a0! D\u00e9it\u00e9 \u00e9ternelle\u00a0! Oc\u00e9an sans fond\u00a0! Pouvais-tu me donner davantage que te donner toi-m\u00eame\u00a0? Tu es le feu qui br\u00fble toujours et jamais ne s\u2019\u00e9teint. Tu es le feu qui consume l\u2019amour-propre de l\u2019\u00e2me. Tu es le feu qui fond toute glace. Tu illumines. \u00c0 ta flamme j\u2019ai connu la v\u00e9rit\u00e9. Tu es cette [&hellip;]<\/p>\n","protected":false},"author":2,"featured_media":0,"comment_status":"closed","ping_status":"closed","sticky":false,"template":"","format":"standard","meta":{"footnotes":""},"categories":[13,1261],"tags":[425,1089,1110],"class_list":["post-26101","post","type-post","status-publish","format-standard","hentry","category-ecritures","category-enseignement-2","tag-foi","tag-ste-catherine-de-sienne","tag-ste-trinite"],"_links":{"self":[{"href":"https:\/\/www.associationdemarie.org\/blog\/wp-json\/wp\/v2\/posts\/26101","targetHints":{"allow":["GET"]}}],"collection":[{"href":"https:\/\/www.associationdemarie.org\/blog\/wp-json\/wp\/v2\/posts"}],"about":[{"href":"https:\/\/www.associationdemarie.org\/blog\/wp-json\/wp\/v2\/types\/post"}],"author":[{"embeddable":true,"href":"https:\/\/www.associationdemarie.org\/blog\/wp-json\/wp\/v2\/users\/2"}],"replies":[{"embeddable":true,"href":"https:\/\/www.associationdemarie.org\/blog\/wp-json\/wp\/v2\/comments?post=26101"}],"version-history":[{"count":1,"href":"https:\/\/www.associationdemarie.org\/blog\/wp-json\/wp\/v2\/posts\/26101\/revisions"}],"predecessor-version":[{"id":26103,"href":"https:\/\/www.associationdemarie.org\/blog\/wp-json\/wp\/v2\/posts\/26101\/revisions\/26103"}],"wp:attachment":[{"href":"https:\/\/www.associationdemarie.org\/blog\/wp-json\/wp\/v2\/media?parent=26101"}],"wp:term":[{"taxonomy":"category","embeddable":true,"href":"https:\/\/www.associationdemarie.org\/blog\/wp-json\/wp\/v2\/categories?post=26101"},{"taxonomy":"post_tag","embeddable":true,"href":"https:\/\/www.associationdemarie.org\/blog\/wp-json\/wp\/v2\/tags?post=26101"}],"curies":[{"name":"wp","href":"https:\/\/api.w.org\/{rel}","templated":true}]}}