{"id":26077,"date":"2025-11-02T01:54:40","date_gmt":"2025-11-02T00:54:40","guid":{"rendered":"http:\/\/www.associationdemarie.org\/blog\/?p=26077"},"modified":"2025-10-19T07:57:02","modified_gmt":"2025-10-19T06:57:02","slug":"commemoration-de-tous-les-fideles-defunts-9","status":"publish","type":"post","link":"https:\/\/www.associationdemarie.org\/blog\/commemoration-de-tous-les-fideles-defunts-9\/","title":{"rendered":"Comm\u00e9moration de tous les fid\u00e8les d\u00e9funts"},"content":{"rendered":"\n<figure class=\"wp-block-image\"><img loading=\"lazy\" decoding=\"async\" width=\"775\" height=\"566\" src=\"https:\/\/www.associationdemarie.org\/blog\/wp-content\/uploads\/2025\/10\/2-11-Defunts.jpg\" alt=\"\" class=\"wp-image-26078\" srcset=\"https:\/\/www.associationdemarie.org\/blog\/wp-content\/uploads\/2025\/10\/2-11-Defunts.jpg 775w, https:\/\/www.associationdemarie.org\/blog\/wp-content\/uploads\/2025\/10\/2-11-Defunts-300x219.jpg 300w, https:\/\/www.associationdemarie.org\/blog\/wp-content\/uploads\/2025\/10\/2-11-Defunts-768x561.jpg 768w\" sizes=\"auto, (max-width: 775px) 100vw, 775px\" \/><\/figure>\n\n\n\n<p> L\u2019amour dont Dieu nous a aim\u00e9s a d\u00e9li\u00e9 par sa puissance les liens dans lesquels la mort nous tenait prisonniers. D\u00e9sormais, celle-ci ne peut retenir qu\u2019un instant ceux qu\u2019il lui est permis de toucher. Car \u00ab\u00a0le Christ est ressuscit\u00e9, pr\u00e9mices de ceux qui se sont endormis\u00a0\u00bb (1Co 15, 20). Il nous confirme dans la certitude que nous ressusciterons, par le myst\u00e8re, l\u2019exemple et le t\u00e9moignage de sa propre r\u00e9surrection ainsi que par la parole de sa promesse.<\/p>\n\n\n\n<p> Elle est forte, la mort capable de nous enlever le don de la vie\u00a0; il est fort, l\u2019amour qui peut nous rendre \u00e0 une vie meilleure. La mort est forte\u00a0: sa puissance peut nous d\u00e9pouiller de notre corps\u00a0; l\u2019amour est fort\u00a0: il a pouvoir d\u2019arracher \u00e0 la mort son butin et de nous le rendre. Elle est forte, la mort : nul homme ne peut lui r\u00e9sister\u00a0; il est fort, l\u2019amour, \u00e0 tel point qu\u2019il triomphe de la mort, \u00e9mousse son aiguillon, arr\u00eate son ambition, et renverse sa victoire. Elle sera en effet bafou\u00e9e chaque fois qu\u2019on lui dira\u00a0: \u00ab\u00a0Mort, o\u00f9 est ta victoire\u00a0? Mort, o\u00f9 est ton aiguillon\u00a0?\u00a0\u00bb (1 Co 15,55). \u00ab\u00a0L\u2019amour est fort comme la mort\u00a0\u00bb (Ct 8,6), car la mort de la mort c\u2019est l\u2019amour du Christ, comme le sugg\u00e8re cette parole\u00a0: \u00ab\u00a0Mort, je serai ta mort\u00a0; enfer, je serai ta perte\u00a0\u00bb (Os 13,14).<\/p>\n\n\n\n<p> L\u2019amour dont nous aimons le Christ est, lui aussi, puissant comme la mort, car il est une sorte de mort\u00a0: l\u2019extinction de la vie ancienne, l\u2019abolition des vices, l\u2019abandon des \u0153uvres de la mort. Cet amour que nous avons pour le Christ est comme une r\u00e9ponse \u00e0 celui qu\u2019il nous porte\u00a0; bien qu\u2019il lui soit in\u00e9gal, il est \u00e0 son image. Lui nous a aim\u00e9s le premier, et, par l\u2019exemple d\u2019amour qu\u2019il nous a donn\u00e9, il est devenu notre mod\u00e8le et notre sceau. \u00c0 nous de nous laisser empreindre \u00e0 son image, de d\u00e9poser le masque terrestre et de rev\u00eatir la figure c\u00e9leste, \u00e0 nous d\u2019aimer le Christ comme il nous a aim\u00e9s.<\/p>\n\n\n\n<h4 class=\"wp-block-heading\">Baudouin de Ford (?-v. 1190)<\/h4>\n","protected":false},"excerpt":{"rendered":"<p>L\u2019amour dont Dieu nous a aim\u00e9s a d\u00e9li\u00e9 par sa puissance les liens dans lesquels la mort nous tenait prisonniers. D\u00e9sormais, celle-ci ne peut retenir qu\u2019un instant ceux qu\u2019il lui est permis de toucher. Car \u00ab\u00a0le Christ est ressuscit\u00e9, pr\u00e9mices de ceux qui se sont endormis\u00a0\u00bb (1Co 15, 20). Il nous confirme dans la certitude [&hellip;]<\/p>\n","protected":false},"author":2,"featured_media":0,"comment_status":"closed","ping_status":"closed","sticky":false,"template":"","format":"standard","meta":{"footnotes":""},"categories":[3,28],"tags":[62,1249,283,1146],"class_list":["post-26077","post","type-post","status-publish","format-standard","hentry","category-liturgique","category-saints-et-saintes","tag-amour","tag-baudouin-de-ford","tag-defunts","tag-toussaint"],"_links":{"self":[{"href":"https:\/\/www.associationdemarie.org\/blog\/wp-json\/wp\/v2\/posts\/26077","targetHints":{"allow":["GET"]}}],"collection":[{"href":"https:\/\/www.associationdemarie.org\/blog\/wp-json\/wp\/v2\/posts"}],"about":[{"href":"https:\/\/www.associationdemarie.org\/blog\/wp-json\/wp\/v2\/types\/post"}],"author":[{"embeddable":true,"href":"https:\/\/www.associationdemarie.org\/blog\/wp-json\/wp\/v2\/users\/2"}],"replies":[{"embeddable":true,"href":"https:\/\/www.associationdemarie.org\/blog\/wp-json\/wp\/v2\/comments?post=26077"}],"version-history":[{"count":1,"href":"https:\/\/www.associationdemarie.org\/blog\/wp-json\/wp\/v2\/posts\/26077\/revisions"}],"predecessor-version":[{"id":26079,"href":"https:\/\/www.associationdemarie.org\/blog\/wp-json\/wp\/v2\/posts\/26077\/revisions\/26079"}],"wp:attachment":[{"href":"https:\/\/www.associationdemarie.org\/blog\/wp-json\/wp\/v2\/media?parent=26077"}],"wp:term":[{"taxonomy":"category","embeddable":true,"href":"https:\/\/www.associationdemarie.org\/blog\/wp-json\/wp\/v2\/categories?post=26077"},{"taxonomy":"post_tag","embeddable":true,"href":"https:\/\/www.associationdemarie.org\/blog\/wp-json\/wp\/v2\/tags?post=26077"}],"curies":[{"name":"wp","href":"https:\/\/api.w.org\/{rel}","templated":true}]}}