{"id":26065,"date":"2025-10-29T01:13:39","date_gmt":"2025-10-29T00:13:39","guid":{"rendered":"http:\/\/www.associationdemarie.org\/blog\/?p=26065"},"modified":"2025-10-15T07:15:38","modified_gmt":"2025-10-15T06:15:38","slug":"alors-on-viendra-de-lorient-et-de-loccident-du-nord-et-du-midi-prendre-place-au-festin-du-royaume","status":"publish","type":"post","link":"https:\/\/www.associationdemarie.org\/blog\/alors-on-viendra-de-lorient-et-de-loccident-du-nord-et-du-midi-prendre-place-au-festin-du-royaume\/","title":{"rendered":"\u00ab Alors on viendra de l&rsquo;orient et de l&rsquo;occident, du nord et du midi, prendre place au festin du Royaume. \u00bb"},"content":{"rendered":"\n<div class=\"wp-block-image\"><figure class=\"alignright\"><img loading=\"lazy\" decoding=\"async\" width=\"267\" height=\"189\" src=\"https:\/\/www.associationdemarie.org\/blog\/wp-content\/uploads\/2025\/10\/29-10.jpeg\" alt=\"\" class=\"wp-image-26066\"\/><\/figure><\/div>\n\n\n\n<p>P\u00e8re tr\u00e8s bon, ton Fils a laiss\u00e9 \u00e0 ton \u00c9glise  ce m\u00e9morial de son amour\u00a0;  en rappelant ici sa mort et sa r\u00e9surrection,  nous te pr\u00e9sentons cette offrande qui vient de toi,  le sacrifice qui nous r\u00e9tablit dans ta gr\u00e2ce\u00a0;  accepte-nous aussi, avec ton Fils bien-aim\u00e9. Donne-nous dans ce repas ton Esprit Saint\u00a0:  qu&rsquo;il fasse dispara\u00eetre les causes de nos divisions\u00a0;  qu&rsquo;il nous \u00e9tablisse dans une charit\u00e9 plus grande,  en communion avec le Pape,  notre \u00e9v\u00eaque, le coll\u00e8ge \u00e9piscopal,  et ton peuple tout entier.  Fais de ton \u00c9glise en ce monde,  le signe visible de l&rsquo;unit\u00e9, et la servante de la paix.  Et comme tu nous rassembles ici,  dans la communion de la bienheureuse M\u00e8re de Dieu,  la Vierge Marie, et de tous les saints du ciel, autour de la table de ton Christ,  daigne rassembler un jour les hommes de tout pays et de toute langue,  de toute race et de toute culture,  au banquet de ton Royaume\u00a0;  alors nous pourrons c\u00e9l\u00e9brer l&rsquo;unit\u00e9 enfin accomplie  et la paix d\u00e9finitivement acquise par J\u00e9sus, le Christ, notre Seigneur.<\/p>\n\n\n\n<h4 class=\"wp-block-heading\">Le Missel romain<\/h4>\n","protected":false},"excerpt":{"rendered":"<p>P\u00e8re tr\u00e8s bon, ton Fils a laiss\u00e9 \u00e0 ton \u00c9glise ce m\u00e9morial de son amour\u00a0; en rappelant ici sa mort et sa r\u00e9surrection, nous te pr\u00e9sentons cette offrande qui vient de toi, le sacrifice qui nous r\u00e9tablit dans ta gr\u00e2ce\u00a0; accepte-nous aussi, avec ton Fils bien-aim\u00e9. Donne-nous dans ce repas ton Esprit Saint\u00a0: qu&rsquo;il fasse [&hellip;]<\/p>\n","protected":false},"author":2,"featured_media":0,"comment_status":"closed","ping_status":"closed","sticky":false,"template":"","format":"standard","meta":{"footnotes":""},"categories":[1261],"tags":[1375,907],"class_list":["post-26065","post","type-post","status-publish","format-standard","hentry","category-enseignement-2","tag-missel-romain","tag-royaume-des-cieux"],"_links":{"self":[{"href":"https:\/\/www.associationdemarie.org\/blog\/wp-json\/wp\/v2\/posts\/26065","targetHints":{"allow":["GET"]}}],"collection":[{"href":"https:\/\/www.associationdemarie.org\/blog\/wp-json\/wp\/v2\/posts"}],"about":[{"href":"https:\/\/www.associationdemarie.org\/blog\/wp-json\/wp\/v2\/types\/post"}],"author":[{"embeddable":true,"href":"https:\/\/www.associationdemarie.org\/blog\/wp-json\/wp\/v2\/users\/2"}],"replies":[{"embeddable":true,"href":"https:\/\/www.associationdemarie.org\/blog\/wp-json\/wp\/v2\/comments?post=26065"}],"version-history":[{"count":1,"href":"https:\/\/www.associationdemarie.org\/blog\/wp-json\/wp\/v2\/posts\/26065\/revisions"}],"predecessor-version":[{"id":26067,"href":"https:\/\/www.associationdemarie.org\/blog\/wp-json\/wp\/v2\/posts\/26065\/revisions\/26067"}],"wp:attachment":[{"href":"https:\/\/www.associationdemarie.org\/blog\/wp-json\/wp\/v2\/media?parent=26065"}],"wp:term":[{"taxonomy":"category","embeddable":true,"href":"https:\/\/www.associationdemarie.org\/blog\/wp-json\/wp\/v2\/categories?post=26065"},{"taxonomy":"post_tag","embeddable":true,"href":"https:\/\/www.associationdemarie.org\/blog\/wp-json\/wp\/v2\/tags?post=26065"}],"curies":[{"name":"wp","href":"https:\/\/api.w.org\/{rel}","templated":true}]}}