{"id":26059,"date":"2025-10-27T01:15:56","date_gmt":"2025-10-27T00:15:56","guid":{"rendered":"http:\/\/www.associationdemarie.org\/blog\/?p=26059"},"modified":"2025-10-13T07:17:57","modified_gmt":"2025-10-13T06:17:57","slug":"le-sabbat-devient-le-premier-jour-de-la-creation-nouvelle-2","status":"publish","type":"post","link":"https:\/\/www.associationdemarie.org\/blog\/le-sabbat-devient-le-premier-jour-de-la-creation-nouvelle-2\/","title":{"rendered":"Le sabbat devient le premier jour de la cr\u00e9ation nouvelle"},"content":{"rendered":"\n<figure class=\"wp-block-image\"><img loading=\"lazy\" decoding=\"async\" width=\"1024\" height=\"683\" src=\"https:\/\/www.associationdemarie.org\/blog\/wp-content\/uploads\/2025\/10\/27-10-1024x683.jpg\" alt=\"\" class=\"wp-image-26060\" srcset=\"https:\/\/www.associationdemarie.org\/blog\/wp-content\/uploads\/2025\/10\/27-10-1024x683.jpg 1024w, https:\/\/www.associationdemarie.org\/blog\/wp-content\/uploads\/2025\/10\/27-10-300x200.jpg 300w, https:\/\/www.associationdemarie.org\/blog\/wp-content\/uploads\/2025\/10\/27-10-768x512.jpg 768w, https:\/\/www.associationdemarie.org\/blog\/wp-content\/uploads\/2025\/10\/27-10.jpg 1920w\" sizes=\"auto, (max-width: 1024px) 100vw, 1024px\" \/><\/figure>\n\n\n\n<p> La semaine comporte \u00e9videmment sept jours\u00a0: Dieu nous en a donn\u00e9 six pour travailler, et il nous en a donn\u00e9 un pour prier, nous reposer et nous lib\u00e9rer de nos p\u00e9ch\u00e9s. (&#8230;) Je vais t&rsquo;exposer les raisons pour lesquelles la tradition de garder le dimanche et de nous abstenir de travailler nous a \u00e9t\u00e9 transmise. Lorsque le Seigneur a confi\u00e9 le sacrement aux disciples, \u00ab\u00a0il prit le pain, pronon\u00e7a la b\u00e9n\u00e9diction, le rompit et le donna \u00e0 ses disciples, en disant\u00a0: \u2018Prenez, mangez\u00a0: ceci est mon corps, rompu pour vous en r\u00e9mission des p\u00e9ch\u00e9s\u2019. De m\u00eame, il leur donna la coupe en disant\u00a0: \u2018Buvez-en tous\u00a0: ceci est mon sang, le sang de l&rsquo;Alliance Nouvelle, r\u00e9pandu pour vous et pour la multitude en r\u00e9mission des p\u00e9ch\u00e9s. Faites cela en m\u00e9moire de moi\u2019\u00a0\u00bb (Mt 26,26s\u00a0;1Co 11,24).<\/p>\n\n\n\n<p>Le jour saint du dimanche est donc celui o\u00f9 l&rsquo;on fait m\u00e9moire du Seigneur. C&rsquo;est pourquoi on l&rsquo;a appel\u00e9 \u00ab\u00a0le jour du Seigneur\u00a0\u00bb. Et il est comme le seigneur des jours. En effet, avant la Passion du Seigneur, il n&rsquo;\u00e9tait pas appel\u00e9 \u00ab\u00a0jour du Seigneur\u00a0\u00bb mais \u00ab\u00a0premier jour\u00a0\u00bb. En ce jour, le Seigneur a \u00e9tabli le fondement de la r\u00e9surrection, c&rsquo;est-\u00e0-dire qu&rsquo;il a entrepris la cr\u00e9ation\u00a0; en ce jour, il a donn\u00e9 au monde les pr\u00e9mices de la r\u00e9surrection\u00a0; en ce jour, comme nous l&rsquo;avons dit, il a ordonn\u00e9 de c\u00e9l\u00e9brer les saints myst\u00e8res. Ce jour a donc \u00e9t\u00e9 pour nous le commencement de toute gr\u00e2ce\u00a0: commencement de la cr\u00e9ation du monde, commencement de la r\u00e9surrection, commencement de la semaine. Ce jour, qui renferme en lui-m\u00eame trois commencements, pr\u00e9figure la primaut\u00e9 de la sainte Trinit\u00e9.<\/p>\n\n\n\n<h4 class=\"wp-block-heading\">Hom\u00e9lie attribu\u00e9e \u00e0 Eus\u00e8be d&rsquo;Alexandrie (fin du 5\u00e8me si\u00e8cle)<\/h4>\n","protected":false},"excerpt":{"rendered":"<p>La semaine comporte \u00e9videmment sept jours\u00a0: Dieu nous en a donn\u00e9 six pour travailler, et il nous en a donn\u00e9 un pour prier, nous reposer et nous lib\u00e9rer de nos p\u00e9ch\u00e9s. (&#8230;) Je vais t&rsquo;exposer les raisons pour lesquelles la tradition de garder le dimanche et de nous abstenir de travailler nous a \u00e9t\u00e9 transmise. [&hellip;]<\/p>\n","protected":false},"author":2,"featured_media":0,"comment_status":"closed","ping_status":"closed","sticky":false,"template":"","format":"standard","meta":{"footnotes":""},"categories":[13,1261],"tags":[269,299,1377,911],"class_list":["post-26059","post","type-post","status-publish","format-standard","hentry","category-ecritures","category-enseignement-2","tag-creation","tag-dimanche","tag-eusebe-dalexandrie","tag-sabbat"],"_links":{"self":[{"href":"https:\/\/www.associationdemarie.org\/blog\/wp-json\/wp\/v2\/posts\/26059","targetHints":{"allow":["GET"]}}],"collection":[{"href":"https:\/\/www.associationdemarie.org\/blog\/wp-json\/wp\/v2\/posts"}],"about":[{"href":"https:\/\/www.associationdemarie.org\/blog\/wp-json\/wp\/v2\/types\/post"}],"author":[{"embeddable":true,"href":"https:\/\/www.associationdemarie.org\/blog\/wp-json\/wp\/v2\/users\/2"}],"replies":[{"embeddable":true,"href":"https:\/\/www.associationdemarie.org\/blog\/wp-json\/wp\/v2\/comments?post=26059"}],"version-history":[{"count":1,"href":"https:\/\/www.associationdemarie.org\/blog\/wp-json\/wp\/v2\/posts\/26059\/revisions"}],"predecessor-version":[{"id":26061,"href":"https:\/\/www.associationdemarie.org\/blog\/wp-json\/wp\/v2\/posts\/26059\/revisions\/26061"}],"wp:attachment":[{"href":"https:\/\/www.associationdemarie.org\/blog\/wp-json\/wp\/v2\/media?parent=26059"}],"wp:term":[{"taxonomy":"category","embeddable":true,"href":"https:\/\/www.associationdemarie.org\/blog\/wp-json\/wp\/v2\/categories?post=26059"},{"taxonomy":"post_tag","embeddable":true,"href":"https:\/\/www.associationdemarie.org\/blog\/wp-json\/wp\/v2\/tags?post=26059"}],"curies":[{"name":"wp","href":"https:\/\/api.w.org\/{rel}","templated":true}]}}