{"id":26056,"date":"2025-10-26T01:50:43","date_gmt":"2025-10-26T00:50:43","guid":{"rendered":"http:\/\/www.associationdemarie.org\/blog\/?p=26056"},"modified":"2025-10-12T08:56:25","modified_gmt":"2025-10-12T07:56:25","slug":"justifie-moi-avec-le-publicain","status":"publish","type":"post","link":"https:\/\/www.associationdemarie.org\/blog\/justifie-moi-avec-le-publicain\/","title":{"rendered":"Justifie-moi avec le Publicain !"},"content":{"rendered":"\n<figure class=\"wp-block-image\"><img loading=\"lazy\" decoding=\"async\" width=\"830\" height=\"499\" src=\"https:\/\/www.associationdemarie.org\/blog\/wp-content\/uploads\/2025\/10\/26-10.jpg\" alt=\"\" class=\"wp-image-26057\" srcset=\"https:\/\/www.associationdemarie.org\/blog\/wp-content\/uploads\/2025\/10\/26-10.jpg 830w, https:\/\/www.associationdemarie.org\/blog\/wp-content\/uploads\/2025\/10\/26-10-300x180.jpg 300w, https:\/\/www.associationdemarie.org\/blog\/wp-content\/uploads\/2025\/10\/26-10-768x462.jpg 768w\" sizes=\"auto, (max-width: 830px) 100vw, 830px\" \/><\/figure>\n\n\n\n<p>Le Pharisien de la Loi,<br>\nEn sa pri\u00e8re au Temple,<br>\nMettait en avant le bien qu\u2019il avait accompli<br>\nDevant tes yeux qui voient tout.<\/p>\n\n\n\n<p>L\u2019\u00e2me insens\u00e9e s\u2019enorgueillissait<br>\nEn se comparant au genre humain lointain<br>\nEt au proche Publicain<br>\nQui, en m\u00eame temps que lui, priait.<\/p>\n\n\n\n<p>Non seulement il n\u2019obtint pas ce qu\u2019il demandait<br>\n\u00c0 cause de sa langue grandiloquente,<br>\nMais encore ses \u0153uvres ant\u00e9rieures de justice,<br>\nIl les perdit \u00e0 cause de son discours vaniteux.<\/p>\n\n\n\n<p>Mais alors, que ferai-je \u00e0 mon \u00e2me<br>\nQui aime le vice totalement,<br>\nTr\u00e8s n\u00e9gligente pour les bonnes actions,<br>\nActive pour amasser les mauvaises ?<\/p>\n\n\n\n<p>Car je n\u2019accomplis pas les bonnes actions<br>\nPour lesquelles s\u2019est glorifi\u00e9 le Pharisien ;<br>\nEt je suis bien sup\u00e9rieur \u00e0 lui<br>\nDans le vice de la gloriole et de l\u2019orgueil.<\/p>\n\n\n\n<p>Mais donne la voix du Publicain<br>\n\u00c0 mon \u00e2me gu\u00e9rie, chef des Publicains,<br>\nPour clamer avec ses propres mots :<br>\n\u00ab Mon Dieu, pardonne-moi mes p\u00e9ch\u00e9s ! \u00bb<\/p>\n\n\n\n<p>Justifie-moi avec lui,<br> Comme Tu l\u2019as fait pour lui par une seule parole ;<br> Humilie mon esprit au-dedans,<br> Pour que je sois exalt\u00e9 par ta gr\u00e2ce.<\/p>\n\n\n\n<h4 class=\"wp-block-heading\">Saint Ners\u00e8s Snorhali (1102-1173)<\/h4>\n","protected":false},"excerpt":{"rendered":"<p>Le Pharisien de la Loi, En sa pri\u00e8re au Temple, Mettait en avant le bien qu\u2019il avait accompli Devant tes yeux qui voient tout. L\u2019\u00e2me insens\u00e9e s\u2019enorgueillissait En se comparant au genre humain lointain Et au proche Publicain Qui, en m\u00eame temps que lui, priait. Non seulement il n\u2019obtint pas ce qu\u2019il demandait \u00c0 cause [&hellip;]<\/p>\n","protected":false},"author":2,"featured_media":0,"comment_status":"closed","ping_status":"closed","sticky":false,"template":"","format":"standard","meta":{"footnotes":""},"categories":[27],"tags":[1656,1500],"class_list":["post-26056","post","type-post","status-publish","format-standard","hentry","category-prieres","tag-publicains","tag-st-nerses-snorhali"],"_links":{"self":[{"href":"https:\/\/www.associationdemarie.org\/blog\/wp-json\/wp\/v2\/posts\/26056","targetHints":{"allow":["GET"]}}],"collection":[{"href":"https:\/\/www.associationdemarie.org\/blog\/wp-json\/wp\/v2\/posts"}],"about":[{"href":"https:\/\/www.associationdemarie.org\/blog\/wp-json\/wp\/v2\/types\/post"}],"author":[{"embeddable":true,"href":"https:\/\/www.associationdemarie.org\/blog\/wp-json\/wp\/v2\/users\/2"}],"replies":[{"embeddable":true,"href":"https:\/\/www.associationdemarie.org\/blog\/wp-json\/wp\/v2\/comments?post=26056"}],"version-history":[{"count":1,"href":"https:\/\/www.associationdemarie.org\/blog\/wp-json\/wp\/v2\/posts\/26056\/revisions"}],"predecessor-version":[{"id":26058,"href":"https:\/\/www.associationdemarie.org\/blog\/wp-json\/wp\/v2\/posts\/26056\/revisions\/26058"}],"wp:attachment":[{"href":"https:\/\/www.associationdemarie.org\/blog\/wp-json\/wp\/v2\/media?parent=26056"}],"wp:term":[{"taxonomy":"category","embeddable":true,"href":"https:\/\/www.associationdemarie.org\/blog\/wp-json\/wp\/v2\/categories?post=26056"},{"taxonomy":"post_tag","embeddable":true,"href":"https:\/\/www.associationdemarie.org\/blog\/wp-json\/wp\/v2\/tags?post=26056"}],"curies":[{"name":"wp","href":"https:\/\/api.w.org\/{rel}","templated":true}]}}