{"id":26035,"date":"2025-10-19T01:37:21","date_gmt":"2025-10-19T00:37:21","guid":{"rendered":"http:\/\/www.associationdemarie.org\/blog\/?p=26035"},"modified":"2025-10-05T08:39:56","modified_gmt":"2025-10-05T07:39:56","slug":"le-don-de-la-perseverance-dans-la-priere","status":"publish","type":"post","link":"https:\/\/www.associationdemarie.org\/blog\/le-don-de-la-perseverance-dans-la-priere\/","title":{"rendered":"Le don de la pers\u00e9v\u00e9rance dans la pri\u00e8re"},"content":{"rendered":"\n<figure class=\"wp-block-image\"><img loading=\"lazy\" decoding=\"async\" width=\"640\" height=\"640\" src=\"https:\/\/www.associationdemarie.org\/blog\/wp-content\/uploads\/2025\/10\/19-10.jpg\" alt=\"\" class=\"wp-image-26036\" srcset=\"https:\/\/www.associationdemarie.org\/blog\/wp-content\/uploads\/2025\/10\/19-10.jpg 640w, https:\/\/www.associationdemarie.org\/blog\/wp-content\/uploads\/2025\/10\/19-10-150x150.jpg 150w, https:\/\/www.associationdemarie.org\/blog\/wp-content\/uploads\/2025\/10\/19-10-300x300.jpg 300w\" sizes=\"auto, (max-width: 640px) 100vw, 640px\" \/><\/figure>\n\n\n\n<p>La pri\u00e8re est absolument n\u00e9cessaire pour avoir le bonheur de pers\u00e9v\u00e9rer dans la gr\u00e2ce de Dieu apr\u00e8s l\u2019avoir re\u00e7ue dans le sacrement de P\u00e9nitence. Avec la pri\u00e8re vous pouvez tout, vous \u00eates, pour ainsi dire, ma\u00eetres des volont\u00e9s de Dieu, si j\u2019ose parler ainsi\u00a0; et, sans la pri\u00e8re, vous n\u2019\u00eates capables de rien, et cela seul suffit pour vous montrer la n\u00e9cessit\u00e9 de la pri\u00e8re. Tous les saints ont commenc\u00e9 leur conversion par la pri\u00e8re et ont pers\u00e9v\u00e9r\u00e9 par la pri\u00e8re\u00a0; et tous les damn\u00e9s se sont perdus par leur n\u00e9gligence de la pri\u00e8re. Je dis donc que la pri\u00e8re nous est absolument n\u00e9cessaire pour pers\u00e9v\u00e9rer. (\u2026)<\/p>\n\n\n\n<p> Mais la pri\u00e8re dont je vous parle, qui est si puissante aupr\u00e8s de Dieu, qui nous attire tant de gr\u00e2ces, qui semble m\u00eame lier la volont\u00e9 de Dieu, qui semble, pour ainsi dire, le forcer \u00e0 nous accorder ce que nous lui demandons, c\u2019est une pri\u00e8re faite dans un esp\u00e8ce de d\u00e9sespoir et d\u2019esp\u00e9rance. Je dis d\u00e9sespoir, consid\u00e9rant notre indignit\u00e9 et le m\u00e9pris que nous avons fait de Dieu et de ses gr\u00e2ces, nous reconnaissant indignes de para\u00eetre devant lui et d\u2019oser lui demander notre gr\u00e2ce, nous qui l\u2019avons tant de fois d\u00e9j\u00e0 re\u00e7ue, et l\u2019avons toujours pay\u00e9 d\u2019ingratitude, ce qui doit nous porter, \u00e0 chaque instant de notre vie, \u00e0 croire que la terre va s\u2019ouvrir sous nos pieds. (\u2026) Je dis l\u2019esp\u00e9rance, en repr\u00e9sentant la grandeur de la mis\u00e9ricorde de Dieu, le d\u00e9sir qu\u2019il a de nous rendre heureux, ce qu\u2019il a fait pour nous m\u00e9riter le ciel. Anim\u00e9s par une pens\u00e9e si consolante, nous nous adresserons \u00e0 lui avec une grande confiance. (\u2026)<\/p>\n\n\n\n<p>  Voil\u00e0, mes fr\u00e8res, la pri\u00e8re dont je veux parler, qui nous est absolument n\u00e9cessaire pour avoir notre pardon et le don pr\u00e9cieux de la pers\u00e9v\u00e9rance.<\/p>\n\n\n\n<h4 class=\"wp-block-heading\">Saint Jean-Marie Vianney (1786-1859)<\/h4>\n","protected":false},"excerpt":{"rendered":"<p>La pri\u00e8re est absolument n\u00e9cessaire pour avoir le bonheur de pers\u00e9v\u00e9rer dans la gr\u00e2ce de Dieu apr\u00e8s l\u2019avoir re\u00e7ue dans le sacrement de P\u00e9nitence. Avec la pri\u00e8re vous pouvez tout, vous \u00eates, pour ainsi dire, ma\u00eetres des volont\u00e9s de Dieu, si j\u2019ose parler ainsi\u00a0; et, sans la pri\u00e8re, vous n\u2019\u00eates capables de rien, et cela [&hellip;]<\/p>\n","protected":false},"author":2,"featured_media":0,"comment_status":"closed","ping_status":"closed","sticky":false,"template":"","format":"standard","meta":{"footnotes":""},"categories":[26],"tags":[1220,830,1023],"class_list":["post-26035","post","type-post","status-publish","format-standard","hentry","category-priere-des-ames","tag-perseverance","tag-priere","tag-st-cure-dars"],"_links":{"self":[{"href":"https:\/\/www.associationdemarie.org\/blog\/wp-json\/wp\/v2\/posts\/26035","targetHints":{"allow":["GET"]}}],"collection":[{"href":"https:\/\/www.associationdemarie.org\/blog\/wp-json\/wp\/v2\/posts"}],"about":[{"href":"https:\/\/www.associationdemarie.org\/blog\/wp-json\/wp\/v2\/types\/post"}],"author":[{"embeddable":true,"href":"https:\/\/www.associationdemarie.org\/blog\/wp-json\/wp\/v2\/users\/2"}],"replies":[{"embeddable":true,"href":"https:\/\/www.associationdemarie.org\/blog\/wp-json\/wp\/v2\/comments?post=26035"}],"version-history":[{"count":1,"href":"https:\/\/www.associationdemarie.org\/blog\/wp-json\/wp\/v2\/posts\/26035\/revisions"}],"predecessor-version":[{"id":26037,"href":"https:\/\/www.associationdemarie.org\/blog\/wp-json\/wp\/v2\/posts\/26035\/revisions\/26037"}],"wp:attachment":[{"href":"https:\/\/www.associationdemarie.org\/blog\/wp-json\/wp\/v2\/media?parent=26035"}],"wp:term":[{"taxonomy":"category","embeddable":true,"href":"https:\/\/www.associationdemarie.org\/blog\/wp-json\/wp\/v2\/categories?post=26035"},{"taxonomy":"post_tag","embeddable":true,"href":"https:\/\/www.associationdemarie.org\/blog\/wp-json\/wp\/v2\/tags?post=26035"}],"curies":[{"name":"wp","href":"https:\/\/api.w.org\/{rel}","templated":true}]}}