{"id":26032,"date":"2025-10-18T01:26:11","date_gmt":"2025-10-18T00:26:11","guid":{"rendered":"http:\/\/www.associationdemarie.org\/blog\/?p=26032"},"modified":"2025-10-05T08:28:57","modified_gmt":"2025-10-05T07:28:57","slug":"proclamez-que-le-royaume-des-cieux-est-tout-proche-4","status":"publish","type":"post","link":"https:\/\/www.associationdemarie.org\/blog\/proclamez-que-le-royaume-des-cieux-est-tout-proche-4\/","title":{"rendered":"\u00ab Proclamez que le Royaume des cieux est tout proche. \u00bb"},"content":{"rendered":"\n<figure class=\"wp-block-image\"><img loading=\"lazy\" decoding=\"async\" width=\"672\" height=\"336\" src=\"https:\/\/www.associationdemarie.org\/blog\/wp-content\/uploads\/2025\/10\/18-10.jpg\" alt=\"\" class=\"wp-image-26033\" srcset=\"https:\/\/www.associationdemarie.org\/blog\/wp-content\/uploads\/2025\/10\/18-10.jpg 672w, https:\/\/www.associationdemarie.org\/blog\/wp-content\/uploads\/2025\/10\/18-10-300x150.jpg 300w\" sizes=\"auto, (max-width: 672px) 100vw, 672px\" \/><\/figure>\n\n\n\n<p>Le Christ, afin d&rsquo;accomplir la volont\u00e9 du P\u00e8re, a inaugur\u00e9 ici-bas le Royaume des cieux ; il nous a r\u00e9v\u00e9l\u00e9 le myst\u00e8re du P\u00e8re et, par son ob\u00e9issance, a op\u00e9r\u00e9 la r\u00e9demption. L&rsquo;\u00c9glise, qui est le Royaume du Christ d\u00e9j\u00e0 pr\u00e9sent sous une forme myst\u00e9rieuse, cro\u00eet visiblement dans le monde gr\u00e2ce \u00e0 la puissance de Dieu. Ce commencement et cette croissance sont signifi\u00e9s par le sang et l&rsquo;eau qui sortent du c\u00f4t\u00e9 de J\u00e9sus crucifi\u00e9 et annonc\u00e9s par les paroles du Seigneur concernant sa mort en croix\u00a0: \u00ab\u00a0Quand je serai \u00e9lev\u00e9 de terre, j&rsquo;attirerai tout \u00e0 moi \u00bb&#8230;<\/p>\n\n\n\n<p>Le myst\u00e8re de la sainte \u00c9glise se manifeste dans sa fondation. Le Seigneur J\u00e9sus, en effet, a inaugur\u00e9 son \u00c9glise en pr\u00eachant la Bonne Nouvelle, c&rsquo;est-\u00e0-dire la venue du Royaume de Dieu promis depuis des si\u00e8cles dans les \u00c9critures\u00a0: \u00ab\u00a0Les temps sont accomplis, le Royaume de Dieu est proche \u00bb. Ce Royaume de Dieu appara\u00eet aux hommes dans la parole, les \u0153uvres et la pr\u00e9sence du Christ. La parole du Seigneur est compar\u00e9e au grain sem\u00e9 dans un champ\u00a0: ceux qui l&rsquo;\u00e9coutent avec foi et s&rsquo;agr\u00e8gent au petit troupeau du Christ ont accueilli le Royaume lui-m\u00eame. Puis la semence, par sa propre force, germe et se d\u00e9veloppe jusqu&rsquo;au temps de la moisson. De m\u00eame les miracles de J\u00e9sus sont une preuve que le Royaume est v\u00e9ritablement venu sur terre\u00a0: \u00ab\u00a0Si c&rsquo;est par le doigt de Dieu que je chasse les d\u00e9mons, c&rsquo;est donc que le Royaume de Dieu est d\u00e9j\u00e0 survenu pour vous \u00bb. Mais, avant tout, le Royaume se manifeste dans la personne m\u00eame du Christ, Fils de Dieu et Fils de l&rsquo;homme, qui est venu \u00ab\u00a0pour servir et donner sa vie en ran\u00e7on pour la multitude \u00bb.<\/p>\n\n\n\n<p>Et quand J\u00e9sus, apr\u00e8s avoir souffert la mort en croix pour les hommes, a \u00e9t\u00e9 ressuscit\u00e9, il est apparu \u00e9tabli comme Seigneur et Christ, comme Pr\u00eatre \u00e9ternel, et il a r\u00e9pandu en ses disciples l&rsquo;Esprit promis par le P\u00e8re. D\u00e8s lors, l&rsquo;\u00c9glise pourvue des dons de son Fondateur et attach\u00e9e \u00e0 ses pr\u00e9ceptes de charit\u00e9, d&rsquo;humilit\u00e9 et d&rsquo;abn\u00e9gation, re\u00e7oit la mission d&rsquo;annoncer et d&rsquo;instaurer en toutes les nations le Royaume du Christ et de Dieu dont, sur terre, elle constitue le germe et le commencement. Dans l&rsquo;intervalle, \u00e0 mesure qu&rsquo;elle grandit, elle aspire \u00e0 l&rsquo;accomplissement du Royaume, elle esp\u00e8re et souhaite de toutes ses forces \u00eatre unie \u00e0 son Roi dans la gloire.<\/p>\n\n\n\n<h4 class=\"wp-block-heading\">Concile Vatican II<\/h4>\n","protected":false},"excerpt":{"rendered":"<p>Le Christ, afin d&rsquo;accomplir la volont\u00e9 du P\u00e8re, a inaugur\u00e9 ici-bas le Royaume des cieux ; il nous a r\u00e9v\u00e9l\u00e9 le myst\u00e8re du P\u00e8re et, par son ob\u00e9issance, a op\u00e9r\u00e9 la r\u00e9demption. L&rsquo;\u00c9glise, qui est le Royaume du Christ d\u00e9j\u00e0 pr\u00e9sent sous une forme myst\u00e9rieuse, cro\u00eet visiblement dans le monde gr\u00e2ce \u00e0 la puissance de [&hellip;]<\/p>\n","protected":false},"author":2,"featured_media":0,"comment_status":"closed","ping_status":"closed","sticky":false,"template":"","format":"standard","meta":{"footnotes":""},"categories":[13,1261],"tags":[907,1174],"class_list":["post-26032","post","type-post","status-publish","format-standard","hentry","category-ecritures","category-enseignement-2","tag-royaume-des-cieux","tag-vatican-2"],"_links":{"self":[{"href":"https:\/\/www.associationdemarie.org\/blog\/wp-json\/wp\/v2\/posts\/26032","targetHints":{"allow":["GET"]}}],"collection":[{"href":"https:\/\/www.associationdemarie.org\/blog\/wp-json\/wp\/v2\/posts"}],"about":[{"href":"https:\/\/www.associationdemarie.org\/blog\/wp-json\/wp\/v2\/types\/post"}],"author":[{"embeddable":true,"href":"https:\/\/www.associationdemarie.org\/blog\/wp-json\/wp\/v2\/users\/2"}],"replies":[{"embeddable":true,"href":"https:\/\/www.associationdemarie.org\/blog\/wp-json\/wp\/v2\/comments?post=26032"}],"version-history":[{"count":1,"href":"https:\/\/www.associationdemarie.org\/blog\/wp-json\/wp\/v2\/posts\/26032\/revisions"}],"predecessor-version":[{"id":26034,"href":"https:\/\/www.associationdemarie.org\/blog\/wp-json\/wp\/v2\/posts\/26032\/revisions\/26034"}],"wp:attachment":[{"href":"https:\/\/www.associationdemarie.org\/blog\/wp-json\/wp\/v2\/media?parent=26032"}],"wp:term":[{"taxonomy":"category","embeddable":true,"href":"https:\/\/www.associationdemarie.org\/blog\/wp-json\/wp\/v2\/categories?post=26032"},{"taxonomy":"post_tag","embeddable":true,"href":"https:\/\/www.associationdemarie.org\/blog\/wp-json\/wp\/v2\/tags?post=26032"}],"curies":[{"name":"wp","href":"https:\/\/api.w.org\/{rel}","templated":true}]}}