{"id":26023,"date":"2025-10-15T01:25:57","date_gmt":"2025-10-15T00:25:57","guid":{"rendered":"http:\/\/www.associationdemarie.org\/blog\/?p=26023"},"modified":"2025-10-03T07:28:21","modified_gmt":"2025-10-03T06:28:21","slug":"malheureux-etes-vous-parce-que-vous-chargez-les-gens-de-fardeaux-impossibles-a-porter-2","status":"publish","type":"post","link":"https:\/\/www.associationdemarie.org\/blog\/malheureux-etes-vous-parce-que-vous-chargez-les-gens-de-fardeaux-impossibles-a-porter-2\/","title":{"rendered":"\u00ab Malheureux \u00eates-vous, parce que vous chargez les gens de fardeaux impossibles \u00e0 porter. \u00bb"},"content":{"rendered":"\n<div class=\"wp-block-image\"><figure class=\"aligncenter\"><img loading=\"lazy\" decoding=\"async\" width=\"512\" height=\"288\" src=\"https:\/\/www.associationdemarie.org\/blog\/wp-content\/uploads\/2025\/10\/15-10.jpg\" alt=\"\" class=\"wp-image-26024\" srcset=\"https:\/\/www.associationdemarie.org\/blog\/wp-content\/uploads\/2025\/10\/15-10.jpg 512w, https:\/\/www.associationdemarie.org\/blog\/wp-content\/uploads\/2025\/10\/15-10-300x169.jpg 300w\" sizes=\"auto, (max-width: 512px) 100vw, 512px\" \/><\/figure><\/div>\n\n\n\n<p>Un fr\u00e8re qui avait p\u00e9ch\u00e9 fut chass\u00e9 de l&rsquo;\u00e9glise par le pr\u00eatre ; abba Bessarion se leva et sortit avec lui en disant\u00a0: \u00ab\u00a0Moi aussi, je suis un p\u00e9cheur. \u00bb (&#8230;)<\/p>\n\n\n\n<p>Un fr\u00e8re fauta une fois \u00e0 Sc\u00e9t\u00e9. On tint un conseil, auquel on convoqua abba Mo\u00efse. Mais celui-ci refusa de venir. Alors le pr\u00eatre lui envoya dire\u00a0: \u00ab\u00a0Viens, car tout le monde t&rsquo;attend. \u00bb Il se leva, et vint avec une corbeille perc\u00e9e qu&rsquo;il remplit de sable qu&rsquo;il mit sur son dos et qu&rsquo;il porta ainsi. Les autres, sortis \u00e0 sa rencontre, lui dirent\u00a0: \u00ab\u00a0Qu&rsquo;est-ce que cela, p\u00e8re\u00a0? \u00bb Le vieillard dit\u00a0: \u00ab\u00a0Mes fautes sont en train de s&rsquo;\u00e9couler derri\u00e8re moi et je ne les vois pas ; et moi, je suis venu aujourd&rsquo;hui pour juger les fautes d&rsquo;autrui\u00a0? \u00bb Entendant cela, ils ne dirent rien au fr\u00e8re, mais lui pardonn\u00e8rent.<\/p>\n\n\n\n<p>Abba Joseph interrogea abba Poemen en disant\u00a0: \u00ab\u00a0Dis-moi comment devenir moine. \u00bb Le vieillard dit\u00a0: \u00ab\u00a0Si tu veux trouver du repos ici-bas et dans le monde \u00e0 venir, dis en toute occasion\u00a0: Moi, qui suis-je\u00a0? Et ne juge personne. \u00bb<\/p>\n\n\n\n<p>Un fr\u00e8re interrogea le m\u00eame abba Poemen en disant\u00a0: \u00ab\u00a0Si je vois une faute de mon fr\u00e8re, est-il bien de la cacher\u00a0? \u00bb Le vieillard dit\u00a0: \u00ab\u00a0\u00c0 l&rsquo;heure o\u00f9 nous cachons les fautes de notre fr\u00e8re, Dieu lui aussi cache les n\u00f4tres, et \u00e0 l&rsquo;heure o\u00f9 nous manifestons les fautes de notre fr\u00e8re, Dieu lui aussi manifeste les n\u00f4tres. \u00bb<\/p>\n\n\n\n<h4 class=\"wp-block-heading\">Les Sentences des P\u00e8res du d\u00e9sert (4e-5e si\u00e8cles)<\/h4>\n","protected":false},"excerpt":{"rendered":"<p>Un fr\u00e8re qui avait p\u00e9ch\u00e9 fut chass\u00e9 de l&rsquo;\u00e9glise par le pr\u00eatre ; abba Bessarion se leva et sortit avec lui en disant\u00a0: \u00ab\u00a0Moi aussi, je suis un p\u00e9cheur. \u00bb (&#8230;) Un fr\u00e8re fauta une fois \u00e0 Sc\u00e9t\u00e9. On tint un conseil, auquel on convoqua abba Mo\u00efse. Mais celui-ci refusa de venir. Alors le pr\u00eatre [&hellip;]<\/p>\n","protected":false},"author":2,"featured_media":0,"comment_status":"closed","ping_status":"closed","sticky":false,"template":"","format":"standard","meta":{"footnotes":""},"categories":[13,1261],"tags":[1352,1532],"class_list":["post-26023","post","type-post","status-publish","format-standard","hentry","category-ecritures","category-enseignement-2","tag-fardeau","tag-les-sentences-des-peres-du-desert"],"_links":{"self":[{"href":"https:\/\/www.associationdemarie.org\/blog\/wp-json\/wp\/v2\/posts\/26023","targetHints":{"allow":["GET"]}}],"collection":[{"href":"https:\/\/www.associationdemarie.org\/blog\/wp-json\/wp\/v2\/posts"}],"about":[{"href":"https:\/\/www.associationdemarie.org\/blog\/wp-json\/wp\/v2\/types\/post"}],"author":[{"embeddable":true,"href":"https:\/\/www.associationdemarie.org\/blog\/wp-json\/wp\/v2\/users\/2"}],"replies":[{"embeddable":true,"href":"https:\/\/www.associationdemarie.org\/blog\/wp-json\/wp\/v2\/comments?post=26023"}],"version-history":[{"count":1,"href":"https:\/\/www.associationdemarie.org\/blog\/wp-json\/wp\/v2\/posts\/26023\/revisions"}],"predecessor-version":[{"id":26025,"href":"https:\/\/www.associationdemarie.org\/blog\/wp-json\/wp\/v2\/posts\/26023\/revisions\/26025"}],"wp:attachment":[{"href":"https:\/\/www.associationdemarie.org\/blog\/wp-json\/wp\/v2\/media?parent=26023"}],"wp:term":[{"taxonomy":"category","embeddable":true,"href":"https:\/\/www.associationdemarie.org\/blog\/wp-json\/wp\/v2\/categories?post=26023"},{"taxonomy":"post_tag","embeddable":true,"href":"https:\/\/www.associationdemarie.org\/blog\/wp-json\/wp\/v2\/tags?post=26023"}],"curies":[{"name":"wp","href":"https:\/\/api.w.org\/{rel}","templated":true}]}}