{"id":26001,"date":"2025-10-08T01:03:48","date_gmt":"2025-10-08T00:03:48","guid":{"rendered":"http:\/\/www.associationdemarie.org\/blog\/?p=26001"},"modified":"2025-09-30T06:06:23","modified_gmt":"2025-09-30T05:06:23","slug":"pere-que-ton-nom-soit-sanctifie","status":"publish","type":"post","link":"https:\/\/www.associationdemarie.org\/blog\/pere-que-ton-nom-soit-sanctifie\/","title":{"rendered":"\u00ab P\u00e8re, que ton nom soit sanctifi\u00e9 ! \u00bb"},"content":{"rendered":"\n<div class=\"wp-block-image\"><figure class=\"aligncenter\"><img loading=\"lazy\" decoding=\"async\" width=\"320\" height=\"213\" src=\"https:\/\/www.associationdemarie.org\/blog\/wp-content\/uploads\/2025\/09\/8-10.jpg\" alt=\"\" class=\"wp-image-26002\" srcset=\"https:\/\/www.associationdemarie.org\/blog\/wp-content\/uploads\/2025\/09\/8-10.jpg 320w, https:\/\/www.associationdemarie.org\/blog\/wp-content\/uploads\/2025\/09\/8-10-300x200.jpg 300w\" sizes=\"auto, (max-width: 320px) 100vw, 320px\" \/><\/figure><\/div>\n\n\n\n<p>L\u2019expression \u201cDieu le P\u00e8re\u201d n\u2019avait jamais \u00e9t\u00e9 r\u00e9v\u00e9l\u00e9e \u00e0 personne. Lorsque Mo\u00efse lui-m\u00eame demanda \u00e0 Dieu qui il \u00e9tait, il entendit un autre nom. \u00c0 nous, ce nom a \u00e9t\u00e9 r\u00e9v\u00e9l\u00e9 dans le Fils. Car ce nom implique le nom nouveau de P\u00e8re. \u00ab\u00a0Je suis venu au nom de mon P\u00e8re\u00a0\u00bb (Jn 5,43). Et ailleurs\u00a0: \u00ab\u00a0P\u00e8re, glorifie ton nom\u00a0\u00bb (Jn 12,28)\u00a0; et plus explicitement encore\u00a0: \u00ab\u00a0J\u2019ai manifest\u00e9 ton nom aux hommes\u00a0\u00bb (Jn 17,6). Nous lui demandons donc\u00a0: \u00ab\u00a0Que ton nom soit sanctifi\u00e9\u00a0\u00bb.<\/p>\n\n\n\n<p>Non point qu\u2019il convienne \u00e0 l\u2019homme de faire des v\u0153ux pour Dieu, comme si on pouvait lui souhaiter quelque chose, ou qu\u2019il manqu\u00e2t, sans nos v\u0153ux. Mais nous devons b\u00e9nir Dieu en tout temps et en tout lieu, pour acquitter l\u2019hommage de reconnaissance que tout homme doit \u00e0 ses bienfaits. La b\u00e9n\u00e9diction remplit cet office. D\u2019ailleurs, comment le nom de Dieu ne serait-il pas toujours saint et sanctifi\u00e9 en lui-m\u00eame, puisqu\u2019il sanctifie les autres. Et l\u2019arm\u00e9e des anges qui l\u2019entoure ne cesse de dire\u00a0: \u00ab\u00a0Saint, Saint, Saint\u00a0\u00bb. Et nous, qui aspirons \u00e0 partager la b\u00e9atitude des anges, nous nous associons d\u00e8s maintenant \u00e0 leurs voix, et nous r\u00e9p\u00e9tons le r\u00f4le de notre dignit\u00e9 future. Voil\u00e0 pour ce qui regarde la gloire de Dieu.<\/p>\n\n\n\n<p>Quant \u00e0 la pri\u00e8re que nous formulons pour nous, lorsque nous disons\u00a0: \u00ab\u00a0Que ton nom soit sanctifi\u00e9\u00a0\u00bb, nous demandons qu\u2019il soit sanctifi\u00e9 en nous, qui sommes en lui, mais aussi dans les autres que la gr\u00e2ce de Dieu attend encore, afin de nous conformer au pr\u00e9cepte qui nous oblige de prier pour tous, m\u00eame pour nos ennemis. Voil\u00e0 pourquoi ne pas dire express\u00e9ment\u00a0: \u00ab\u00a0Que ton nom soit sanctifi\u00e9\u00a0\u00bb en nous, c\u2019est demander qu\u2019il le soit dans tous les hommes.<\/p>\n\n\n\n<h4 class=\"wp-block-heading\">Tertullien (v. 155-v. 220)<\/h4>\n","protected":false},"excerpt":{"rendered":"<p>L\u2019expression \u201cDieu le P\u00e8re\u201d n\u2019avait jamais \u00e9t\u00e9 r\u00e9v\u00e9l\u00e9e \u00e0 personne. Lorsque Mo\u00efse lui-m\u00eame demanda \u00e0 Dieu qui il \u00e9tait, il entendit un autre nom. \u00c0 nous, ce nom a \u00e9t\u00e9 r\u00e9v\u00e9l\u00e9 dans le Fils. Car ce nom implique le nom nouveau de P\u00e8re. \u00ab\u00a0Je suis venu au nom de mon P\u00e8re\u00a0\u00bb (Jn 5,43). Et ailleurs\u00a0: [&hellip;]<\/p>\n","protected":false},"author":2,"featured_media":0,"comment_status":"closed","ping_status":"closed","sticky":false,"template":"","format":"standard","meta":{"footnotes":""},"categories":[27],"tags":[719,1427],"class_list":["post-26001","post","type-post","status-publish","format-standard","hentry","category-prieres","tag-notre-pere","tag-tertullien"],"_links":{"self":[{"href":"https:\/\/www.associationdemarie.org\/blog\/wp-json\/wp\/v2\/posts\/26001","targetHints":{"allow":["GET"]}}],"collection":[{"href":"https:\/\/www.associationdemarie.org\/blog\/wp-json\/wp\/v2\/posts"}],"about":[{"href":"https:\/\/www.associationdemarie.org\/blog\/wp-json\/wp\/v2\/types\/post"}],"author":[{"embeddable":true,"href":"https:\/\/www.associationdemarie.org\/blog\/wp-json\/wp\/v2\/users\/2"}],"replies":[{"embeddable":true,"href":"https:\/\/www.associationdemarie.org\/blog\/wp-json\/wp\/v2\/comments?post=26001"}],"version-history":[{"count":1,"href":"https:\/\/www.associationdemarie.org\/blog\/wp-json\/wp\/v2\/posts\/26001\/revisions"}],"predecessor-version":[{"id":26003,"href":"https:\/\/www.associationdemarie.org\/blog\/wp-json\/wp\/v2\/posts\/26001\/revisions\/26003"}],"wp:attachment":[{"href":"https:\/\/www.associationdemarie.org\/blog\/wp-json\/wp\/v2\/media?parent=26001"}],"wp:term":[{"taxonomy":"category","embeddable":true,"href":"https:\/\/www.associationdemarie.org\/blog\/wp-json\/wp\/v2\/categories?post=26001"},{"taxonomy":"post_tag","embeddable":true,"href":"https:\/\/www.associationdemarie.org\/blog\/wp-json\/wp\/v2\/tags?post=26001"}],"curies":[{"name":"wp","href":"https:\/\/api.w.org\/{rel}","templated":true}]}}