{"id":25993,"date":"2025-10-06T01:05:46","date_gmt":"2025-10-06T00:05:46","guid":{"rendered":"http:\/\/www.associationdemarie.org\/blog\/?p=25993"},"modified":"2025-09-29T09:16:26","modified_gmt":"2025-09-29T08:16:26","slug":"enraciner-son-coeur-dans-le-desir-de-la-vie-eternelle","status":"publish","type":"post","link":"https:\/\/www.associationdemarie.org\/blog\/enraciner-son-coeur-dans-le-desir-de-la-vie-eternelle\/","title":{"rendered":"Enraciner son c\u0153ur dans le d\u00e9sir de la vie \u00e9ternelle"},"content":{"rendered":"\n<figure class=\"wp-block-image\"><img loading=\"lazy\" decoding=\"async\" width=\"800\" height=\"480\" src=\"https:\/\/www.associationdemarie.org\/blog\/wp-content\/uploads\/2025\/09\/6-10.jpg\" alt=\"\" class=\"wp-image-25994\" srcset=\"https:\/\/www.associationdemarie.org\/blog\/wp-content\/uploads\/2025\/09\/6-10.jpg 800w, https:\/\/www.associationdemarie.org\/blog\/wp-content\/uploads\/2025\/09\/6-10-300x180.jpg 300w, https:\/\/www.associationdemarie.org\/blog\/wp-content\/uploads\/2025\/09\/6-10-768x461.jpg 768w\" sizes=\"auto, (max-width: 800px) 100vw, 800px\" \/><\/figure>\n\n\n\n<p>\u00ab\u00a0Il ne sera pas habit\u00e9, sa fortune ne durera pas, il ne poussera pas sa racine dans la terre.\u00a0\u00bb (Jb 15,29 Vg) (\u2026) L\u2019homme ne s\u2019enrichit de vertus que si son \u00e2me est habit\u00e9e par Dieu tout-puissant. Mais comme la pens\u00e9e de l\u2019orgueilleux n\u2019est pas habit\u00e9e par la gr\u00e2ce de son cr\u00e9ateur, il ne saurait s\u2019enrichir de vertus. Ainsi, comme il est int\u00e9rieurement vide, on peut dire\u00a0: \u00ab\u00a0Il ne sera pas habit\u00e9\u00a0\u00bb, et c\u2019est raison d\u2019ajouter\u00a0: \u00ab\u00a0sa fortune ne durera pas.\u00a0\u00bb (\u2026)<\/p>\n\n\n\n<p>Si nous appliquons cette expression \u00e0 la terre de ce monde, il est bien \u00e9vident qu\u2019un arbre qui n\u2019a pas de racine dans la terre est \u00e9branl\u00e9 par la brise la plus l\u00e9g\u00e8re et tombe. Or, quand l\u2019orgueilleux se fortifie contre le Seigneur tout-puissant, quand il court le cou dress\u00e9, quand il se dresse, la nuque grasse, contre l\u2019auteur de la vie, il para\u00eet avoir la stature d\u2019un arbre. Il a cette stature mais il est sans racine, puisque, telle une douce brise, la simple mise en branle d\u2019une sentence cach\u00e9e lui arrache la vie. (\u2026) Mais si par le mot de terre nous entendons la r\u00e9compense de la vie \u00e9ternelle qui fait dire au proph\u00e8te\u00a0: \u00ab\u00a0Tu es mon partage dans la terre des vivants\u00a0\u00bb (Ps 141,6), cet injuste ne pousse pas sa racine dans la terre, parce qu\u2019il n\u2019enracine jamais la pens\u00e9e de son c\u0153ur au d\u00e9sir de la vie \u00e9ternelle.<\/p>\n\n\n\n<p> Ce que la racine est pour l\u2019arbre, la pens\u00e9e personnelle l\u2019est, en effet, pour chaque homme, parce que ce qui appara\u00eet de lui au-dehors est li\u00e9 \u00e0 ce qui en son for int\u00e9rieur n\u2019appara\u00eet pas. C\u2019est ce qui fait dire encore au proph\u00e8te\u00a0: \u00ab\u00a0Il poussera sa racine vers le bas et il fera cro\u00eetre ses fruits vers le haut.\u00a0\u00bb (Is 37,31) Oui, lorsque notre pens\u00e9e s\u2019oriente vers la compassion pour notre prochain dans la mis\u00e8re, nous pouvons dire que nous poussons notre racine vers le bas, afin de faire cro\u00eetre le fruit qui sera notre r\u00e9compense dans le ciel.<\/p>\n\n\n\n<h4 class=\"wp-block-heading\">Saint Gr\u00e9goire le Grand (v. 540-604)<\/h4>\n","protected":false},"excerpt":{"rendered":"<p>\u00ab\u00a0Il ne sera pas habit\u00e9, sa fortune ne durera pas, il ne poussera pas sa racine dans la terre.\u00a0\u00bb (Jb 15,29 Vg) (\u2026) L\u2019homme ne s\u2019enrichit de vertus que si son \u00e2me est habit\u00e9e par Dieu tout-puissant. Mais comme la pens\u00e9e de l\u2019orgueilleux n\u2019est pas habit\u00e9e par la gr\u00e2ce de son cr\u00e9ateur, il ne saurait [&hellip;]<\/p>\n","protected":false},"author":2,"featured_media":0,"comment_status":"closed","ping_status":"closed","sticky":false,"template":"","format":"standard","meta":{"footnotes":""},"categories":[13,1261],"tags":[1488,1187],"class_list":["post-25993","post","type-post","status-publish","format-standard","hentry","category-ecritures","category-enseignement-2","tag-st-gregoire-le-grand","tag-vie-eternelle"],"_links":{"self":[{"href":"https:\/\/www.associationdemarie.org\/blog\/wp-json\/wp\/v2\/posts\/25993","targetHints":{"allow":["GET"]}}],"collection":[{"href":"https:\/\/www.associationdemarie.org\/blog\/wp-json\/wp\/v2\/posts"}],"about":[{"href":"https:\/\/www.associationdemarie.org\/blog\/wp-json\/wp\/v2\/types\/post"}],"author":[{"embeddable":true,"href":"https:\/\/www.associationdemarie.org\/blog\/wp-json\/wp\/v2\/users\/2"}],"replies":[{"embeddable":true,"href":"https:\/\/www.associationdemarie.org\/blog\/wp-json\/wp\/v2\/comments?post=25993"}],"version-history":[{"count":1,"href":"https:\/\/www.associationdemarie.org\/blog\/wp-json\/wp\/v2\/posts\/25993\/revisions"}],"predecessor-version":[{"id":25995,"href":"https:\/\/www.associationdemarie.org\/blog\/wp-json\/wp\/v2\/posts\/25993\/revisions\/25995"}],"wp:attachment":[{"href":"https:\/\/www.associationdemarie.org\/blog\/wp-json\/wp\/v2\/media?parent=25993"}],"wp:term":[{"taxonomy":"category","embeddable":true,"href":"https:\/\/www.associationdemarie.org\/blog\/wp-json\/wp\/v2\/categories?post=25993"},{"taxonomy":"post_tag","embeddable":true,"href":"https:\/\/www.associationdemarie.org\/blog\/wp-json\/wp\/v2\/tags?post=25993"}],"curies":[{"name":"wp","href":"https:\/\/api.w.org\/{rel}","templated":true}]}}